{"id":37525,"date":"2014-08-16T18:11:50","date_gmt":"2014-08-16T21:11:50","guid":{"rendered":"http:\/\/aconteceunovale.com.br\/portal\/?p=37525"},"modified":"2014-08-16T18:12:44","modified_gmt":"2014-08-16T21:12:44","slug":"copa-aranas-fm-2014-comeca-no-dia-30-de-agosto","status":"publish","type":"post","link":"https:\/\/aconteceunovale.com.br\/portal\/?p=37525","title":{"rendered":"Copa Aran\u00e3s FM 2014 come\u00e7a no dia 30 de agosto"},"content":{"rendered":"<h4><em><strong>Aran\u00e3s e Vila Nova far\u00e3o o jogo de abertura no Est\u00e1dio Municipal Newton Ribeiro. Competi\u00e7\u00e3o ser\u00e1 disputada por 13 equipes.<\/strong><\/em><\/h4>\n<p>J\u00e1 est\u00e1 tudo definido para o in\u00edcio da Copa Aran\u00e3s FM de Futebol 2014. Em reuni\u00e3o realizada neste s\u00e1bado, 16 de agosto, no Plen\u00e1rio da C\u00e2mara Municipal de Capelinha, entre a organiza\u00e7\u00e3o da competi\u00e7\u00e3o e representantes das equipes participantes, ficou acertado os detalhes para a realiza\u00e7\u00e3o do evento esportivo.<\/p>\n<p>O jogo de abertura ser\u00e1 uma reedi\u00e7\u00e3o da grande final do ano passado, entre as equipes do Aran\u00e3s e Vila Nova, no dia 30 de agosto, no Est\u00e1dio Municipal Newton Ribeiro. A competi\u00e7\u00e3o ser\u00e1 disputada por 13 equipes, dividas em quatro grupos.<\/p>\n<p><img decoding=\"async\" src=\"http:\/\/aconteceunovale.com.br\/portal\/wp-content\/uploads\/2014\/08\/copa_aranas_16_8_1.jpg\" alt=\"\" \/><em>(Reuni\u00e3o na tarde deste s\u00e1bado definiu os \u00faltimos detalhes &#8211; Foto: Capelinha.net)<\/em><br \/>\n<\/br><\/p>\n<p>Um dos grupos \u00e9 formado somente por equipes de Capelinha, que esse ano n\u00e3o conta com a participa\u00e7\u00e3o do tradicional Capivari. A equipe desistiu de participar da copa por problemas internos. Outra novidade da edi\u00e7\u00e3o 2014 \u00e9 a participa\u00e7\u00e3o da Sele\u00e7\u00e3o de S\u00e3o Gon\u00e7alo do Rio Preto.<\/p>\n<p>A Copa Aran\u00e3s FM \u00e9 o maior evento esportivo da regi\u00e3o, envolvendo v\u00e1rias cidades e times dos Vales do Jequitinhonha, Rio Doce e Mucuri. Em 2013, a equipe campe\u00e3 foi o tradicional Aran\u00e3s de Capelinha.<\/p>\n<p>Em breve a organiza\u00e7\u00e3o da Copa divulgar\u00e1 a tabela completa da competi\u00e7\u00e3o. Confira abaixo os grupos:<\/p>\n<p><strong>GRUPO A:<\/strong><br \/>\n&#8211; Aran\u00e3s (Capelinha)<br \/>\n&#8211; Vila Nova (Capelinha)<br \/>\n&#8211; Independente (Capelinha)<br \/>\n&#8211; Cometa (Capelinha)<\/p>\n<p><strong>GRUPO B:<\/strong><br \/>\n&#8211; CFC (Carbonita)<br \/>\n&#8211; Sele\u00e7\u00e3o de S\u00e3o Gon\u00e7alo do Rio Preto<br \/>\n&#8211; Atalanta (Itamarandiba)<\/p>\n<p><strong>GRUPO C:<\/strong><br \/>\n&#8211; Atalanta (Malacacheta)<br \/>\n&#8211; Sele\u00e7\u00e3o de Ladainha<br \/>\n&#8211; Sele\u00e7\u00e3o de Novo Cruzeiro<\/p>\n<p><strong>GRUPO D:<\/strong><br \/>\n&#8211; Lorena (Aricanduva)<br \/>\n&#8211; Sele\u00e7\u00e3o de Angel\u00e2ndia<br \/>\n&#8211; Sele\u00e7\u00e3o de Minas Novas<\/p>\n","protected":false},"excerpt":{"rendered":"<p>Aran\u00e3s e Vila Nova far\u00e3o o jogo de abertura no Est\u00e1dio Municipal Newton Ribeiro. Competi\u00e7\u00e3o ser\u00e1 disputada por 13 equipes. J\u00e1 est\u00e1 tudo definido para o in\u00edcio da Copa Aran\u00e3s FM de Futebol 2014. Em reuni\u00e3o realizada neste s\u00e1bado, 16 de agosto, no Plen\u00e1rio da C\u00e2mara Municipal de Capelinha, entre a organiza\u00e7\u00e3o da competi\u00e7\u00e3o e [&hellip;]<\/p>\n","protected":false},"author":1,"featured_media":37527,"comment_status":"open","ping_status":"closed","sticky":false,"template":"","format":"standard","meta":{"amp_status":"","footnotes":""},"categories":[59],"tags":[657,225,551,147,13933,132,557,396,395,13932,13931,13930,228,149,344,13934,137,175,783,224],"class_list":["post-37525","post","type-post","status-publish","format-standard","has-post-thumbnail","hentry","category-sports","tag-angelandia","tag-aranas-2","tag-aricanduva","tag-atalanta-de-itamarandiba","tag-atalanta-de-malacacheta","tag-capelinha","tag-carbonita","tag-cfc","tag-cometa","tag-copa-aranas-2014","tag-copa-aranas-fm-2014","tag-copa-aranas-fm-2014-comeca-no-dia-30-de-agosto","tag-independente","tag-itamarandiba","tag-ladainha","tag-lorena-de-aricanduva","tag-minas-novas","tag-novo-cruzeiro","tag-sao-goncalo-do-rio-preto","tag-vila-nova"],"_links":{"self":[{"href":"https:\/\/aconteceunovale.com.br\/portal\/index.php?rest_route=\/wp\/v2\/posts\/37525","targetHints":{"allow":["GET"]}}],"collection":[{"href":"https:\/\/aconteceunovale.com.br\/portal\/index.php?rest_route=\/wp\/v2\/posts"}],"about":[{"href":"https:\/\/aconteceunovale.com.br\/portal\/index.php?rest_route=\/wp\/v2\/types\/post"}],"author":[{"embeddable":true,"href":"https:\/\/aconteceunovale.com.br\/portal\/index.php?rest_route=\/wp\/v2\/users\/1"}],"replies":[{"embeddable":true,"href":"https:\/\/aconteceunovale.com.br\/portal\/index.php?rest_route=%2Fwp%2Fv2%2Fcomments&post=37525"}],"version-history":[{"count":0,"href":"https:\/\/aconteceunovale.com.br\/portal\/index.php?rest_route=\/wp\/v2\/posts\/37525\/revisions"}],"wp:featuredmedia":[{"embeddable":true,"href":"https:\/\/aconteceunovale.com.br\/portal\/index.php?rest_route=\/wp\/v2\/media\/37527"}],"wp:attachment":[{"href":"https:\/\/aconteceunovale.com.br\/portal\/index.php?rest_route=%2Fwp%2Fv2%2Fmedia&parent=37525"}],"wp:term":[{"taxonomy":"category","embeddable":true,"href":"https:\/\/aconteceunovale.com.br\/portal\/index.php?rest_route=%2Fwp%2Fv2%2Fcategories&post=37525"},{"taxonomy":"post_tag","embeddable":true,"href":"https:\/\/aconteceunovale.com.br\/portal\/index.php?rest_route=%2Fwp%2Fv2%2Ftags&post=37525"}],"curies":[{"name":"wp","href":"https:\/\/api.w.org\/{rel}","templated":true}]}}