{"id":37483,"date":"2014-08-16T12:03:54","date_gmt":"2014-08-16T15:03:54","guid":{"rendered":"http:\/\/aconteceunovale.com.br\/portal\/?p=37483"},"modified":"2014-08-16T12:03:54","modified_gmt":"2014-08-16T15:03:54","slug":"rede-e-psb-chegam-a-acordo-para-lancar-marina-silva-a-presidencia","status":"publish","type":"post","link":"https:\/\/aconteceunovale.com.br\/portal\/?p=37483","title":{"rendered":"Rede e PSB chegam a acordo para lan\u00e7ar Marina Silva \u00e0 Presid\u00eancia"},"content":{"rendered":"<p>PSB e Rede Sustentabilidade chegaram a um acordo para lan\u00e7ar Marina Silva candidata \u00e0 Presid\u00eancia da Rep\u00fablica, em substitui\u00e7\u00e3o a Eduardo Campos. A informa\u00e7\u00e3o foi divulgada neste s\u00e1bado pelo jornal Folha de S. Paulo, que ouviu o novo presidente do PSB, Roberto Amaral. &#8220;A candidatura de Marina contempla nosso projeto. Ser\u00e1 uma solu\u00e7\u00e3o de continuidade. O PSB indicar\u00e1 o novo vice&#8221;, disse Amaral.<\/p>\n<p>A confirma\u00e7\u00e3o do nome de Marina, contudo, depende da decis\u00e3o da maioria dos partidos que comp\u00f5em a coliga\u00e7\u00e3o Unidos pelo Brasil. Al\u00e9m de PSB e PPS, que j\u00e1 confirmaram apoio ao nome de Marina, fazem parte da alian\u00e7a PHS, PRP, PPL e PSL. O an\u00fancio oficial sobre a decis\u00e3o da coliga\u00e7\u00e3o ser\u00e1 feito na quarta-feira.<\/p>\n<p>O acordo entre o PSB e a Rede Sustentabilidade, grupo pol\u00edtico ligado a Marina, prev\u00ea que a ex-senadora atenda a duas reinvindica\u00e7\u00f5es: respeite as alian\u00e7as eleitorais feitas pelo PSB nos Estados e incorpore o discurso desenvolvimentista da legenda.<\/p>\n<p>Na sexta-feira, a ex-senadora havia dado aval ao comando do PSB para realizar uma consulta interna no partido sobre sua entrada na disputa \u00e0 Presid\u00eancia, em substitui\u00e7\u00e3o a Campos, morto em acidente a\u00e9reo na \u00faltima quarta-feira. Lideran\u00e7as do PSB estiveram na casa de Marina, em S\u00e3o Paulo, e trataram do assunto.<\/p>\n<p>A comitiva enviada \u00e0 casa de Marina foi capitaneada por Amaral, al\u00e9m da deputada Luiza Erundina (SP), do secret\u00e1rio-geral da sigla, Carlos Siqueira, e de Walter Feldman, conselheiro da ex-senadora e respons\u00e1vel pela &#8220;ponte&#8221; entre o PSB e os &#8220;marineiros&#8221; da Rede Sustentabilidade.<\/p>\n<p>Na r\u00e1pida conversa, Marina autorizou o partido a realizar a consulta interna sobre o apoio \u00e0 candidatura \u2013 e ouviu do grupo que as lideran\u00e7as majorit\u00e1rias j\u00e1 manifestaram apoio a ela, classificada como &#8220;o caminho natural&#8221;. Segundo aliados da ex-senadora, ela s\u00f3 aceitaria a candidatura se seu nome for aclamado pelo partido.<\/p>\n<p>Al\u00e9m disso, Marian fazia quest\u00e3o de fechar quest\u00e3o antes com os dirigentes de sua Rede. O principal temor de Marina \u00e9 que os j\u00e1 complicados arranjos nos palanques estaduais se deteriorassem. Desde a quinta-feira, lideran\u00e7as regionais do PSB, partido que durante anos orbitou os governos Lula e Dilma Rousseff, foram procuradas por petistas numa tentativa de reaproxima\u00e7\u00e3o.<\/p>\n<p>Amiga da fam\u00edlia de Eduardo Campos, Marina segue para Recife na manha deste s\u00e1bado para o vel\u00f3rio de Campos e permanecer\u00e1 l\u00e1 at\u00e9 enterro do ex-governador pernambucano, no domingo. (Veja)<\/p>\n","protected":false},"excerpt":{"rendered":"<p>PSB e Rede Sustentabilidade chegaram a um acordo para lan\u00e7ar Marina Silva candidata \u00e0 Presid\u00eancia da Rep\u00fablica, em substitui\u00e7\u00e3o a Eduardo Campos. A informa\u00e7\u00e3o foi divulgada neste s\u00e1bado pelo jornal Folha de S. Paulo, que ouviu o novo presidente do PSB, Roberto Amaral. &#8220;A candidatura de Marina contempla nosso projeto. Ser\u00e1 uma solu\u00e7\u00e3o de continuidade. [&hellip;]<\/p>\n","protected":false},"author":1,"featured_media":37484,"comment_status":"open","ping_status":"closed","sticky":false,"template":"","format":"standard","meta":{"amp_status":"","footnotes":""},"categories":[6],"tags":[13895,1018,7630,3392,13896,13894,13897,13893],"class_list":["post-37483","post","type-post","status-publish","format-standard","has-post-thumbnail","hentry","category-br","tag-candidata-marina-silva","tag-destaque","tag-eduardo-campos","tag-marina-silva","tag-marina-silva-candidata-a-presidencia-da-republica","tag-psb","tag-rede-e-psb-chegam-a-acordo-para-lancar-marina-silva-a-presidencia","tag-rede-sustentabilidade"],"_links":{"self":[{"href":"https:\/\/aconteceunovale.com.br\/portal\/index.php?rest_route=\/wp\/v2\/posts\/37483","targetHints":{"allow":["GET"]}}],"collection":[{"href":"https:\/\/aconteceunovale.com.br\/portal\/index.php?rest_route=\/wp\/v2\/posts"}],"about":[{"href":"https:\/\/aconteceunovale.com.br\/portal\/index.php?rest_route=\/wp\/v2\/types\/post"}],"author":[{"embeddable":true,"href":"https:\/\/aconteceunovale.com.br\/portal\/index.php?rest_route=\/wp\/v2\/users\/1"}],"replies":[{"embeddable":true,"href":"https:\/\/aconteceunovale.com.br\/portal\/index.php?rest_route=%2Fwp%2Fv2%2Fcomments&post=37483"}],"version-history":[{"count":0,"href":"https:\/\/aconteceunovale.com.br\/portal\/index.php?rest_route=\/wp\/v2\/posts\/37483\/revisions"}],"wp:featuredmedia":[{"embeddable":true,"href":"https:\/\/aconteceunovale.com.br\/portal\/index.php?rest_route=\/wp\/v2\/media\/37484"}],"wp:attachment":[{"href":"https:\/\/aconteceunovale.com.br\/portal\/index.php?rest_route=%2Fwp%2Fv2%2Fmedia&parent=37483"}],"wp:term":[{"taxonomy":"category","embeddable":true,"href":"https:\/\/aconteceunovale.com.br\/portal\/index.php?rest_route=%2Fwp%2Fv2%2Fcategories&post=37483"},{"taxonomy":"post_tag","embeddable":true,"href":"https:\/\/aconteceunovale.com.br\/portal\/index.php?rest_route=%2Fwp%2Fv2%2Ftags&post=37483"}],"curies":[{"name":"wp","href":"https:\/\/api.w.org\/{rel}","templated":true}]}}