{"id":37481,"date":"2014-08-16T12:00:06","date_gmt":"2014-08-16T15:00:06","guid":{"rendered":"http:\/\/aconteceunovale.com.br\/portal\/?p=37481"},"modified":"2014-08-16T12:00:06","modified_gmt":"2014-08-16T15:00:06","slug":"comeca-na-proxima-terca-feira-o-horario-eleitoral-no-radio-e-na-tv","status":"publish","type":"post","link":"https:\/\/aconteceunovale.com.br\/portal\/?p=37481","title":{"rendered":"Come\u00e7a na pr\u00f3xima ter\u00e7a-feira o hor\u00e1rio eleitoral no r\u00e1dio e na TV"},"content":{"rendered":"<p>A partir da pr\u00f3xima semana, o eleitor poder\u00e1 conhecer as propostas dos mais de 26 mil candidatos \u00e0s elei\u00e7\u00f5es de outubro. Come\u00e7a na pr\u00f3xima ter\u00e7a-feira (19) a propaganda partid\u00e1ria no r\u00e1dio e na televis\u00e3o. O hor\u00e1rio eleitoral segue at\u00e9 o dia 2 de outubro, tr\u00eas dias antes da vota\u00e7\u00e3o do primeiro turno.<\/p>\n<p>Apesar de a propaganda nas ruas, com panfletos e cavaletes, por exemplo, e na internet estar liberada desde o dia 6 de julho, o hor\u00e1rio eleitoral \u00e9 a principal oportunidade de os candidatos aos cargos de deputado, senador, governador e presidente da Rep\u00fablica ganharem visibilidade para tentar conquistar o voto do eleitor.<\/p>\n<p>Segundo o cientista pol\u00edtico da Universidade de Bras\u00edlia (UnB) Jo\u00e3o Paulo Peixoto, a propaganda eleitoral de r\u00e1dio e TV \u00e9 importante para que os candidatos fiquem conhecidos.<\/p>\n<p>De acordo com ele, a influ\u00eancia costuma ser maior em um eventual segundo turno, quando os candidatos a governador ou presidente v\u00e3o para o confronto final. \u201c\u00c9 dif\u00edcil mensurar o efeito [dos programas partid\u00e1rios na campanha eleitoral]. \u00c9 uma oportunidade para que os candidatos tenham visibilidade maior. Isso tem impacto\u201d, destacou.<\/p>\n<p>Na avalia\u00e7\u00e3o do cientista pol\u00edtico e professor da UnB Leonardo Barreto, os candidatos que est\u00e3o atr\u00e1s nas pesquisas de inten\u00e7\u00e3o de voto devem tentar a rea\u00e7\u00e3o na disputa nos primeiros dias de transmiss\u00e3o dos programas eleitorais, quando o ouvinte ou telespectador est\u00e1 mais atento aos programas. Apesar disso, ele n\u00e3o acredita em uma altera\u00e7\u00e3o brusca de cen\u00e1rio por conta do hor\u00e1rio eleitoral. \u201cAs pessoas querem mudan\u00e7a, mas n\u00e3o querem mudar por mudar. Elas querem ser seduzidas por uma nova hist\u00f3ria. N\u00e3o acredito que o tempo de TV vai mudar o cen\u00e1rio que est\u00e1 posto\u201d, disse Barreto.<\/p>\n<p>A propaganda eleitoral para os candidatos que disputam o cargo de presidente ser\u00e1 veiculada no r\u00e1dio \u00e0s ter\u00e7as, quintas e s\u00e1bados em dois hor\u00e1rios: das 7h25 \u00e0s 7h50 e das 12h25 \u00e0s 12h50. Na TV, nos mesmos dias, os hor\u00e1rios ser\u00e3o das 13h \u00e0s 13h25 e das 20h30 \u00e0s 20h55. \u00c0s segundas, quartas e sextas, a propaganda ser\u00e1 destinada aos demais cargos em disputa. (Ag\u00eancia Brasil)<\/p>\n","protected":false},"excerpt":{"rendered":"<p>A partir da pr\u00f3xima semana, o eleitor poder\u00e1 conhecer as propostas dos mais de 26 mil candidatos \u00e0s elei\u00e7\u00f5es de outubro. Come\u00e7a na pr\u00f3xima ter\u00e7a-feira (19) a propaganda partid\u00e1ria no r\u00e1dio e na televis\u00e3o. O hor\u00e1rio eleitoral segue at\u00e9 o dia 2 de outubro, tr\u00eas dias antes da vota\u00e7\u00e3o do primeiro turno. Apesar de a [&hellip;]<\/p>\n","protected":false},"author":1,"featured_media":32754,"comment_status":"open","ping_status":"closed","sticky":false,"template":"","format":"standard","meta":{"amp_status":"","footnotes":""},"categories":[6],"tags":[13891,13892],"class_list":["post-37481","post","type-post","status-publish","format-standard","has-post-thumbnail","hentry","category-br","tag-comeca-na-proxima-terca-feira-o-horario-eleitoral-no-radio-e-na-tv","tag-horario-eleitoral"],"_links":{"self":[{"href":"https:\/\/aconteceunovale.com.br\/portal\/index.php?rest_route=\/wp\/v2\/posts\/37481","targetHints":{"allow":["GET"]}}],"collection":[{"href":"https:\/\/aconteceunovale.com.br\/portal\/index.php?rest_route=\/wp\/v2\/posts"}],"about":[{"href":"https:\/\/aconteceunovale.com.br\/portal\/index.php?rest_route=\/wp\/v2\/types\/post"}],"author":[{"embeddable":true,"href":"https:\/\/aconteceunovale.com.br\/portal\/index.php?rest_route=\/wp\/v2\/users\/1"}],"replies":[{"embeddable":true,"href":"https:\/\/aconteceunovale.com.br\/portal\/index.php?rest_route=%2Fwp%2Fv2%2Fcomments&post=37481"}],"version-history":[{"count":0,"href":"https:\/\/aconteceunovale.com.br\/portal\/index.php?rest_route=\/wp\/v2\/posts\/37481\/revisions"}],"wp:featuredmedia":[{"embeddable":true,"href":"https:\/\/aconteceunovale.com.br\/portal\/index.php?rest_route=\/wp\/v2\/media\/32754"}],"wp:attachment":[{"href":"https:\/\/aconteceunovale.com.br\/portal\/index.php?rest_route=%2Fwp%2Fv2%2Fmedia&parent=37481"}],"wp:term":[{"taxonomy":"category","embeddable":true,"href":"https:\/\/aconteceunovale.com.br\/portal\/index.php?rest_route=%2Fwp%2Fv2%2Fcategories&post=37481"},{"taxonomy":"post_tag","embeddable":true,"href":"https:\/\/aconteceunovale.com.br\/portal\/index.php?rest_route=%2Fwp%2Fv2%2Ftags&post=37481"}],"curies":[{"name":"wp","href":"https:\/\/api.w.org\/{rel}","templated":true}]}}