{"id":37472,"date":"2014-08-16T11:44:02","date_gmt":"2014-08-16T14:44:02","guid":{"rendered":"http:\/\/aconteceunovale.com.br\/portal\/?p=37472"},"modified":"2014-08-18T11:12:18","modified_gmt":"2014-08-18T14:12:18","slug":"acidente-entre-carreta-e-caminhonete-deixa-motorista-gravemente-ferido-na-br-116-em-teofilo-otoni","status":"publish","type":"post","link":"https:\/\/aconteceunovale.com.br\/portal\/?p=37472","title":{"rendered":"Motorista morre em grave acidente envolvendo carreta e caminhonete na BR-116, em Te\u00f3filo Otoni"},"content":{"rendered":"<h4><em><strong>Carreta atravessou a pista repentinamente. Motorista da caminhonete ficou gravemente ferido e morreu no hospital.<\/strong><\/em><\/h4>\n<p>Um acidente envolvendo um ve\u00edculo de passeio e uma carreta deixou uma v\u00edtima fatal na manh\u00e3 deste s\u00e1bado, 16 de agosto, na BR-116, pr\u00f3ximo ao Posto Nicoletti, em Te\u00f3filo Otoni, no Vale do Mucuri.<\/p>\n<p>De acordo com informa\u00e7\u00f5es da Pol\u00edcia Rodovi\u00e1ria Federal, a caminhonete Ford Ranger, de cor prata, placa MSZ-4510, de Padre Para\u00edso\/MG, transitava no sentido Te\u00f3filo Otoni, quando a carreta VW 19.320, de cor branca, placa KXM-0348, de S\u00e3o Paulo\/SP, saiu repentinamente do Posto para atravessar a pista sentido Padre Para\u00edso.<\/p>\n<p><img decoding=\"async\" src=\"http:\/\/aconteceunovale.com.br\/portal\/wp-content\/uploads\/2014\/08\/acidente_116_teo_16_8_4.jpg\" alt=\"\" \/><em>(Motorista foi socorrido em estado grave pelo SAMU &#8211; Foto: Fantoni Pesso\/Reprodu\u00e7\u00e3o WhatsApp)<\/em><br \/>\n<\/br><\/p>\n<p>O condutor da caminhonete, Ubiracy Ferraz Santos, de 48 anos, morador de Padre Para\u00edso, no Vale do Jequitinhonha, n\u00e3o conseguiu frear o ve\u00edculo e bateu no meio da carroceria da carreta. <\/p>\n<p>Com o impacto do acidente, Ubiracy ficou gravemente ferido. Ele foi socorrido por uma equipe do Servi\u00e7o de Atendimento M\u00f3vel de Urg\u00eancia (SAMU) e encaminhado para atendimento m\u00e9dico no Hospital Santa Ros\u00e1lia, em Te\u00f3filo Otoni. A v\u00edtima n\u00e3o resistiu aos ferimentos e morreu horas depois na unidade de sa\u00fade.<\/p>\n<p><img decoding=\"async\" src=\"http:\/\/aconteceunovale.com.br\/portal\/wp-content\/uploads\/2014\/08\/acidente_116_teo_16_8_3.jpg\" alt=\"\" \/><em>(A parte frontal da caminhonete ficou totalmente destru\u00edda &#8211; Foto: Fantoni Pesso\/Reprodu\u00e7\u00e3o WhatsApp)<\/em><br \/>\n<\/br><\/p>\n<p><img decoding=\"async\" src=\"http:\/\/aconteceunovale.com.br\/portal\/wp-content\/uploads\/2014\/08\/acidente_116_teo_16_8_2.jpg\" alt=\"\" \/><em>(Carreta entrou repentinamente na pista e provocou o acidente &#8211; Foto: Fantoni Pesso\/Reprodu\u00e7\u00e3o WhatsApp)<\/em><br \/>\n<\/br><\/p>\n<p><img decoding=\"async\" src=\"http:\/\/aconteceunovale.com.br\/portal\/wp-content\/uploads\/2014\/08\/acidente_116_teo_16_8_1.jpg\" alt=\"\" \/><em>(Motorista bateu no meio da carroceria da carreta &#8211; Foto: Fantoni Pesso\/Reprodu\u00e7\u00e3o WhatsApp)<\/em><\/p>\n","protected":false},"excerpt":{"rendered":"<p>Carreta atravessou a pista repentinamente. Motorista da caminhonete ficou gravemente ferido e morreu no hospital. Um acidente envolvendo um ve\u00edculo de passeio e uma carreta deixou uma v\u00edtima fatal na manh\u00e3 deste s\u00e1bado, 16 de agosto, na BR-116, pr\u00f3ximo ao Posto Nicoletti, em Te\u00f3filo Otoni, no Vale do Mucuri. De acordo com informa\u00e7\u00f5es da Pol\u00edcia [&hellip;]<\/p>\n","protected":false},"author":1,"featured_media":37476,"comment_status":"open","ping_status":"closed","sticky":false,"template":"","format":"standard","meta":{"amp_status":"","footnotes":""},"categories":[122],"tags":[13876,13877,13883,13881,13882,13885,13878,13880,13875,13879,1018,13886,13887,13994,13888,572,2382,164,13884],"class_list":["post-37472","post","type-post","status-publish","format-standard","has-post-thumbnail","hentry","category-mucuri","tag-acidente-com-caminhonete-de-padre-paraiso","tag-acidente-com-carreta-de-sao-paulo","tag-acidente-com-carreta-placa-kxm-0348-em-teofilo-otoni","tag-acidente-com-ford-ranger-de-padre-paraiso","tag-acidente-com-ford-ranger-msz-4510-em-teofilo-otoni","tag-acidente-com-ubiracy-ferraz-santos","tag-acidente-com-vitima-de-padre-paraiso","tag-acidente-em-teofilo-otoni","tag-acidente-entre-carreta-e-caminhonete-deixa-motorista-gravemente-ferido-na-br-116-em-teofilo-otoni","tag-acidente-no-posto-nicoletti","tag-destaque","tag-fotos-do-acidente-com-ubiracy-ferraz-santos","tag-informacoes-do-acidente-com-ubiracy-ferraz-santos","tag-motorista-morre-em-grave-acidente-envolvendo-carreta-e-caminhonete-na-br-116-em-teofilo-otoni","tag-noticia-do-acidente-com-ubiracy-ferraz-santos","tag-padre-paraiso","tag-sao-paulo","tag-teofilo-otoni","tag-ubiracy-ferraz-santos"],"_links":{"self":[{"href":"https:\/\/aconteceunovale.com.br\/portal\/index.php?rest_route=\/wp\/v2\/posts\/37472","targetHints":{"allow":["GET"]}}],"collection":[{"href":"https:\/\/aconteceunovale.com.br\/portal\/index.php?rest_route=\/wp\/v2\/posts"}],"about":[{"href":"https:\/\/aconteceunovale.com.br\/portal\/index.php?rest_route=\/wp\/v2\/types\/post"}],"author":[{"embeddable":true,"href":"https:\/\/aconteceunovale.com.br\/portal\/index.php?rest_route=\/wp\/v2\/users\/1"}],"replies":[{"embeddable":true,"href":"https:\/\/aconteceunovale.com.br\/portal\/index.php?rest_route=%2Fwp%2Fv2%2Fcomments&post=37472"}],"version-history":[{"count":0,"href":"https:\/\/aconteceunovale.com.br\/portal\/index.php?rest_route=\/wp\/v2\/posts\/37472\/revisions"}],"wp:featuredmedia":[{"embeddable":true,"href":"https:\/\/aconteceunovale.com.br\/portal\/index.php?rest_route=\/wp\/v2\/media\/37476"}],"wp:attachment":[{"href":"https:\/\/aconteceunovale.com.br\/portal\/index.php?rest_route=%2Fwp%2Fv2%2Fmedia&parent=37472"}],"wp:term":[{"taxonomy":"category","embeddable":true,"href":"https:\/\/aconteceunovale.com.br\/portal\/index.php?rest_route=%2Fwp%2Fv2%2Fcategories&post=37472"},{"taxonomy":"post_tag","embeddable":true,"href":"https:\/\/aconteceunovale.com.br\/portal\/index.php?rest_route=%2Fwp%2Fv2%2Ftags&post=37472"}],"curies":[{"name":"wp","href":"https:\/\/api.w.org\/{rel}","templated":true}]}}