{"id":37464,"date":"2014-08-15T22:35:11","date_gmt":"2014-08-16T01:35:11","guid":{"rendered":"http:\/\/aconteceunovale.com.br\/portal\/?p=37464"},"modified":"2014-08-15T22:44:58","modified_gmt":"2014-08-16T01:44:58","slug":"homem-morre-apos-cair-com-carro-em-barranco-no-bairro-mangabeiras-em-coronel-fabriciano","status":"publish","type":"post","link":"https:\/\/aconteceunovale.com.br\/portal\/?p=37464","title":{"rendered":"Homem morre ap\u00f3s cair com carro em barranco no Bairro Mangueiras em Coronel Fabriciano"},"content":{"rendered":"<p>Um homem de 37 anos morreu em um acidente na tarde desta sexta-feira, 15 de agosto, no Bairro Mangueiras, em Coronel Fabriciano, no Leste de Minas Gerais. <\/p>\n<p>De acordo com informa\u00e7\u00f5es da Pol\u00edcia Militar, Uanderson Pandini conduzia um ve\u00edculo Fiat Premio, placa GPL-7046, quando perdeu o controle da dire\u00e7\u00e3o na Rua Minas Gerais, vindo a cair em um barranco na lateral da pista.<\/p>\n<p>O Corpo de Bombeiros constatou o \u00f3bito da v\u00edtima. A per\u00edcia t\u00e9cnica da Pol\u00edcia Civil foi acionada e ap\u00f3s os trabalhos de praxe o corpo foi liberado para uma funer\u00e1ria.<\/p>\n<p><img decoding=\"async\" src=\"http:\/\/aconteceunovale.com.br\/portal\/wp-content\/uploads\/2014\/08\/acidente_fabri_15_8.jpg\" alt=\"\" \/><em>(Motorista morreu no local do acidente &#8211; Foto: Jota Passos \/ Plant\u00e3o Policial \/ R\u00e1dio Vanguarda Ipatinga)<\/em><\/p>\n","protected":false},"excerpt":{"rendered":"<p>Um homem de 37 anos morreu em um acidente na tarde desta sexta-feira, 15 de agosto, no Bairro Mangueiras, em Coronel Fabriciano, no Leste de Minas Gerais. De acordo com informa\u00e7\u00f5es da Pol\u00edcia Militar, Uanderson Pandini conduzia um ve\u00edculo Fiat Premio, placa GPL-7046, quando perdeu o controle da dire\u00e7\u00e3o na Rua Minas Gerais, vindo a [&hellip;]<\/p>\n","protected":false},"author":1,"featured_media":37465,"comment_status":"open","ping_status":"closed","sticky":false,"template":"","format":"standard","meta":{"amp_status":"","footnotes":""},"categories":[121],"tags":[1524,1018,13869,13871,13870],"class_list":["post-37464","post","type-post","status-publish","format-standard","has-post-thumbnail","hentry","category-leste","tag-coronel-fabriciano","tag-destaque","tag-homem-morre-apos-cair-com-carro-em-barranco-no-bairro-mangabeiras-em-coronel-fabriciano","tag-homem-morre-apos-cair-com-carro-em-barranco-no-bairro-mangueiras-em-coronel-fabriciano","tag-uanderson-pandini"],"_links":{"self":[{"href":"https:\/\/aconteceunovale.com.br\/portal\/index.php?rest_route=\/wp\/v2\/posts\/37464","targetHints":{"allow":["GET"]}}],"collection":[{"href":"https:\/\/aconteceunovale.com.br\/portal\/index.php?rest_route=\/wp\/v2\/posts"}],"about":[{"href":"https:\/\/aconteceunovale.com.br\/portal\/index.php?rest_route=\/wp\/v2\/types\/post"}],"author":[{"embeddable":true,"href":"https:\/\/aconteceunovale.com.br\/portal\/index.php?rest_route=\/wp\/v2\/users\/1"}],"replies":[{"embeddable":true,"href":"https:\/\/aconteceunovale.com.br\/portal\/index.php?rest_route=%2Fwp%2Fv2%2Fcomments&post=37464"}],"version-history":[{"count":0,"href":"https:\/\/aconteceunovale.com.br\/portal\/index.php?rest_route=\/wp\/v2\/posts\/37464\/revisions"}],"wp:featuredmedia":[{"embeddable":true,"href":"https:\/\/aconteceunovale.com.br\/portal\/index.php?rest_route=\/wp\/v2\/media\/37465"}],"wp:attachment":[{"href":"https:\/\/aconteceunovale.com.br\/portal\/index.php?rest_route=%2Fwp%2Fv2%2Fmedia&parent=37464"}],"wp:term":[{"taxonomy":"category","embeddable":true,"href":"https:\/\/aconteceunovale.com.br\/portal\/index.php?rest_route=%2Fwp%2Fv2%2Fcategories&post=37464"},{"taxonomy":"post_tag","embeddable":true,"href":"https:\/\/aconteceunovale.com.br\/portal\/index.php?rest_route=%2Fwp%2Fv2%2Ftags&post=37464"}],"curies":[{"name":"wp","href":"https:\/\/api.w.org\/{rel}","templated":true}]}}