{"id":37454,"date":"2014-08-15T21:33:27","date_gmt":"2014-08-16T00:33:27","guid":{"rendered":"http:\/\/aconteceunovale.com.br\/portal\/?p=37454"},"modified":"2014-08-15T21:33:27","modified_gmt":"2014-08-16T00:33:27","slug":"prefeitura-de-aricanduva-cancela-leilao-de-bens","status":"publish","type":"post","link":"https:\/\/aconteceunovale.com.br\/portal\/?p=37454","title":{"rendered":"Prefeitura de Aricanduva Cancela Leil\u00e3o de Bens"},"content":{"rendered":"<p>A Prefeitura Municipal de Aricanduva cancelou na quarta-feira, 13 de agosto, o processo licitat\u00f3rio do leil\u00e3o de 27 bens recuper\u00e1veis e sucatas. O leil\u00e3o foi realizado no dia 12 de agosto, mas por haver den\u00fancias sobre fortes ind\u00edcios de conluio, (Acordo entre os participantes), o leil\u00e3o foi cancelado. <\/p>\n<p>A Den\u00fancia foi realizada pelo Presidente da C\u00e2mara, e contou com o depoimento de duas testemunhas, ambas servidoras p\u00fablicas da Prefeitura da Cidade. Um boletim de ocorr\u00eancia foi lavrado. <\/p>\n<p>N\u00e3o h\u00e1 informa\u00e7\u00f5es sobre a realiza\u00e7\u00e3o de um novo leil\u00e3o, mas a expectativa \u00e9 que nos pr\u00f3ximos dias, um novo edital seja divulgado marcando uma nova data para a realiza\u00e7\u00e3o do leil\u00e3o.<\/p>\n<p><img decoding=\"async\" src=\"http:\/\/aconteceunovale.com.br\/portal\/wp-content\/uploads\/2014\/08\/cancela_aricas_1.jpg\" alt=\"\" \/><img decoding=\"async\" src=\"http:\/\/aconteceunovale.com.br\/portal\/wp-content\/uploads\/2014\/08\/cancela_aricas_2.jpg\" alt=\"\" \/><\/p>\n","protected":false},"excerpt":{"rendered":"<p>A Prefeitura Municipal de Aricanduva cancelou na quarta-feira, 13 de agosto, o processo licitat\u00f3rio do leil\u00e3o de 27 bens recuper\u00e1veis e sucatas. O leil\u00e3o foi realizado no dia 12 de agosto, mas por haver den\u00fancias sobre fortes ind\u00edcios de conluio, (Acordo entre os participantes), o leil\u00e3o foi cancelado. A Den\u00fancia foi realizada pelo Presidente da [&hellip;]<\/p>\n","protected":false},"author":1,"featured_media":37455,"comment_status":"open","ping_status":"closed","sticky":false,"template":"","format":"standard","meta":{"amp_status":"","footnotes":""},"categories":[120],"tags":[551,13861],"class_list":["post-37454","post","type-post","status-publish","format-standard","has-post-thumbnail","hentry","category-jequi","tag-aricanduva","tag-prefeitura-de-aricanduva-cancela-leilao-de-bens"],"_links":{"self":[{"href":"https:\/\/aconteceunovale.com.br\/portal\/index.php?rest_route=\/wp\/v2\/posts\/37454","targetHints":{"allow":["GET"]}}],"collection":[{"href":"https:\/\/aconteceunovale.com.br\/portal\/index.php?rest_route=\/wp\/v2\/posts"}],"about":[{"href":"https:\/\/aconteceunovale.com.br\/portal\/index.php?rest_route=\/wp\/v2\/types\/post"}],"author":[{"embeddable":true,"href":"https:\/\/aconteceunovale.com.br\/portal\/index.php?rest_route=\/wp\/v2\/users\/1"}],"replies":[{"embeddable":true,"href":"https:\/\/aconteceunovale.com.br\/portal\/index.php?rest_route=%2Fwp%2Fv2%2Fcomments&post=37454"}],"version-history":[{"count":0,"href":"https:\/\/aconteceunovale.com.br\/portal\/index.php?rest_route=\/wp\/v2\/posts\/37454\/revisions"}],"wp:featuredmedia":[{"embeddable":true,"href":"https:\/\/aconteceunovale.com.br\/portal\/index.php?rest_route=\/wp\/v2\/media\/37455"}],"wp:attachment":[{"href":"https:\/\/aconteceunovale.com.br\/portal\/index.php?rest_route=%2Fwp%2Fv2%2Fmedia&parent=37454"}],"wp:term":[{"taxonomy":"category","embeddable":true,"href":"https:\/\/aconteceunovale.com.br\/portal\/index.php?rest_route=%2Fwp%2Fv2%2Fcategories&post=37454"},{"taxonomy":"post_tag","embeddable":true,"href":"https:\/\/aconteceunovale.com.br\/portal\/index.php?rest_route=%2Fwp%2Fv2%2Ftags&post=37454"}],"curies":[{"name":"wp","href":"https:\/\/api.w.org\/{rel}","templated":true}]}}