{"id":37447,"date":"2014-08-15T21:05:28","date_gmt":"2014-08-16T00:05:28","guid":{"rendered":"http:\/\/aconteceunovale.com.br\/portal\/?p=37447"},"modified":"2014-08-15T21:05:28","modified_gmt":"2014-08-16T00:05:28","slug":"proibicao-de-cobranca-da-taxa-de-expediente-gera-polemica-em-governador-valadares","status":"publish","type":"post","link":"https:\/\/aconteceunovale.com.br\/portal\/?p=37447","title":{"rendered":"Proibi\u00e7\u00e3o de cobran\u00e7a da taxa de expediente gera pol\u00eamica em Governador Valadares"},"content":{"rendered":"<h4><strong>Ac\u00f3rd\u00e3o da decis\u00e3o da Taxa de Expediente foi publicado no in\u00edcio do m\u00eas. Munic\u00edpios do pa\u00eds n\u00e3o podem mais cobrar Taxa de Expediente.<\/strong><\/h4>\n<p>O Supremo Tribunal Federal (STF) considerou  inconstitucional a taxa de expediente cobrada nas guias de recolhimento dos munic\u00edpios brasileiros. Em Governador Valadares, no Leste de Minas Gerais, a perman\u00eancia da cobran\u00e7a nas contas que n\u00e3o s\u00e3o retiradas pela internet tem gerado pol\u00eamica.<\/p>\n<p>A publica\u00e7\u00e3o foi divulgada no dia 1\u00ba de agosto, com efeito para todos os munic\u00edpios do pa\u00eds e n\u00e3o apenas para a cidade mineira de Ouro Preto, que inicialmente entrou com o recurso. Na conta do Servi\u00e7o Aut\u00f4nomo de \u00c1gua e Esgoto (SAAE), por exemplo, \u00f3rg\u00e3o que administra o servi\u00e7o de abastecimento de \u00e1gua na cidade, o valor cobrado ao consumidor \u00e9 de R$ 4,77.<\/p>\n<p>Na pr\u00e1tica, a partir da data de publica\u00e7\u00e3o, as prefeituras est\u00e3o proibidas de continuar com essa e outras cobran\u00e7as de expediente, mas no caso de Valadares, o executivo alega que a decis\u00e3o ainda n\u00e3o \u00e9 final, mas o contribuinte tem a oportunidade de isen\u00e7\u00e3o.<\/p>\n<p>\u201cA pessoa pode entrar no <a href=\"http:\/\/www.saaegoval.com.br\/\" target=\"_blank\">site do SAAE<\/a>  e tirar a guia e em outros sites tamb\u00e9m da prefeitura e tirar a guia do Imposto Predial e Territorial Urbano [IPTU] sem que haja a cobran\u00e7a desta taxa\u201d, garante a procuradora da fazenda municipal, Rosemary Mafra.<\/p>\n<h4>Site em manuten\u00e7\u00e3o<\/h4>\n<p>Luciano Souto \u00e9 advogado especialista em direito do consumidor. Ele acessou o <a href=\"http:\/\/www.saaegoval.com.br\/\" target=\"_blank\">site do SAAE<\/a> e na sequ\u00eancia clicou no link &#8220;segunda via&#8221;, mas a informa\u00e7\u00e3o era de que o sistema estava em manuten\u00e7\u00e3o.<\/p>\n<p>Com base na decis\u00e3o do STF, o advogado comentou o caso e ainda falou sobre a afirma\u00e7\u00e3o da prefeitura, quando a procuradora informou que o m\u00e9rito do caso n\u00e3o teria sido julgado pelo Tribunal de Justi\u00e7a de Minas Gerais (TJMG). Para ele, todos os munic\u00edpios brasileiros foram beneficiados.<\/p>\n<p>\u201cIsso porque,  segundo os ministros, a emiss\u00e3o de guia de recolhimento de tributos \u00e9 de interesse exclusivo da Administra\u00e7\u00e3o, sendo mero instrumento de arrecada\u00e7\u00e3o, n\u00e3o envolvendo a presta\u00e7\u00e3o de um servi\u00e7o p\u00fablico ao contribuinte. Apesar de ter sido proferida a decis\u00e3o em a\u00e7\u00e3o que questionava as taxas cobradas pelo Munic\u00edpio de Ouro Preto, a decis\u00e3o teve repercuss\u00e3o geral reconhecida, com efic\u00e1cia erga omnes, ou seja, deve ser respeitada em todo o Brasil\u201d, diz o advogado.<\/p>\n<p>Por meio de nota a prefeitura informou que \u201co site do SAAE est\u00e1 realmente em manuten\u00e7\u00e3o, mas na p\u00e1gina principal h\u00e1 uma indica\u00e7\u00e3o de como proceder. Para retirar online basta <a href=\"http:\/\/transparencia.saaegoval.com.br\/mat_vis.aspx?cd=6505\" target=\"_blank\">solicitar por e-mail<\/a>\u201d, diz a nota.<\/p>\n<p><strong>(Fonte: Inter TV dos Vales \/ Imagem: Reprodu\u00e7\u00e3o DRD)<\/strong><\/p>\n","protected":false},"excerpt":{"rendered":"<p>Ac\u00f3rd\u00e3o da decis\u00e3o da Taxa de Expediente foi publicado no in\u00edcio do m\u00eas. Munic\u00edpios do pa\u00eds n\u00e3o podem mais cobrar Taxa de Expediente. O Supremo Tribunal Federal (STF) considerou inconstitucional a taxa de expediente cobrada nas guias de recolhimento dos munic\u00edpios brasileiros. Em Governador Valadares, no Leste de Minas Gerais, a perman\u00eancia da cobran\u00e7a nas [&hellip;]<\/p>\n","protected":false},"author":1,"featured_media":37448,"comment_status":"open","ping_status":"closed","sticky":false,"template":"","format":"standard","meta":{"amp_status":"","footnotes":""},"categories":[121],"tags":[13859,247,13858],"class_list":["post-37447","post","type-post","status-publish","format-standard","has-post-thumbnail","hentry","category-leste","tag-cobranca-da-taxa-de-expediente","tag-governador-valadares","tag-proibicao-de-cobranca-da-taxa-de-expediente-gera-polemica-em-governador-valadares"],"_links":{"self":[{"href":"https:\/\/aconteceunovale.com.br\/portal\/index.php?rest_route=\/wp\/v2\/posts\/37447","targetHints":{"allow":["GET"]}}],"collection":[{"href":"https:\/\/aconteceunovale.com.br\/portal\/index.php?rest_route=\/wp\/v2\/posts"}],"about":[{"href":"https:\/\/aconteceunovale.com.br\/portal\/index.php?rest_route=\/wp\/v2\/types\/post"}],"author":[{"embeddable":true,"href":"https:\/\/aconteceunovale.com.br\/portal\/index.php?rest_route=\/wp\/v2\/users\/1"}],"replies":[{"embeddable":true,"href":"https:\/\/aconteceunovale.com.br\/portal\/index.php?rest_route=%2Fwp%2Fv2%2Fcomments&post=37447"}],"version-history":[{"count":0,"href":"https:\/\/aconteceunovale.com.br\/portal\/index.php?rest_route=\/wp\/v2\/posts\/37447\/revisions"}],"wp:featuredmedia":[{"embeddable":true,"href":"https:\/\/aconteceunovale.com.br\/portal\/index.php?rest_route=\/wp\/v2\/media\/37448"}],"wp:attachment":[{"href":"https:\/\/aconteceunovale.com.br\/portal\/index.php?rest_route=%2Fwp%2Fv2%2Fmedia&parent=37447"}],"wp:term":[{"taxonomy":"category","embeddable":true,"href":"https:\/\/aconteceunovale.com.br\/portal\/index.php?rest_route=%2Fwp%2Fv2%2Fcategories&post=37447"},{"taxonomy":"post_tag","embeddable":true,"href":"https:\/\/aconteceunovale.com.br\/portal\/index.php?rest_route=%2Fwp%2Fv2%2Ftags&post=37447"}],"curies":[{"name":"wp","href":"https:\/\/api.w.org\/{rel}","templated":true}]}}