{"id":37444,"date":"2014-08-15T20:46:22","date_gmt":"2014-08-15T23:46:22","guid":{"rendered":"http:\/\/aconteceunovale.com.br\/portal\/?p=37444"},"modified":"2014-08-15T20:46:22","modified_gmt":"2014-08-15T23:46:22","slug":"laboratorio-de-solos-do-ifmg-campus-sao-joao-evangelista-tem-destaque-no-profertmg","status":"publish","type":"post","link":"https:\/\/aconteceunovale.com.br\/portal\/?p=37444","title":{"rendered":"Laborat\u00f3rio de Solos do IFMG campus S\u00e3o Jo\u00e3o Evangelista tem destaque no PROFERT\/MG"},"content":{"rendered":"<p>O Laborat\u00f3rio de An\u00e1lise de Solo do campus, em funcionamento desde 1996, mais uma vez recebe a chancela do Programa Inter laboratorial de Controle de Qualidade de An\u00e1lise de Solo de Minas Gerais (PROFERT-MG).<\/p>\n<p>Segundo o Prof. Jos\u00e9 Roberto de Paula, Engenheiro Agr\u00f4nomo e respons\u00e1vel pelo laborat\u00f3rio, o selo \u00e9 oferecido para as institui\u00e7\u00f5es de an\u00e1lises que atinjam \u00edndice acima de 75% de efici\u00eancia global nas verifica\u00e7\u00f5es, no per\u00edodo de um ano. \u201cEm 2013, obtivemos um aproveitamento de 90,1%, resultado este que credencia o laborat\u00f3rio do campus entre os melhores, dos mais de 50 laborat\u00f3rios participantes do programa de qualidade, no que refere-se \u00e0s an\u00e1lises de rotina de fertilidade\u201d, contou o Professor.<\/p>\n<p>[image src=&#8221;http:\/\/aconteceunovale.com.br\/portal\/wp-content\/uploads\/2014\/08\/lab_solos_sje.jpg&#8221; width=&#8221;369&#8243; height=&#8221;406&#8243; lightbox=&#8221;yes&#8221; align=&#8221;left&#8221; float=&#8221;left&#8221;]<\/p>\n<p>Cada laborat\u00f3rio vinculado ao programa de controle de qualidade recebe anualmente doze amostras de solo, sendo tr\u00eas a cada trimestre. Nas avalia\u00e7\u00f5es do primeiro e segundo trimestres de 2014, o laborat\u00f3rio do campus alcan\u00e7ou efici\u00eancias de 95,1% e 92,6%, respectivamente. Esses excelentes resultados est\u00e3o sendo obtidos em fun\u00e7\u00e3o do empenho e zelo do servidor Valdevino Pereira Silva e das bolsistas do curso de Agronomia, Adriana Carvalho Rodrigues, Cl\u00e1udia Eduarda Borges e Renata da Silva Santos, componentes da equipe de profissionais do setor.<\/p>\n<p>No ano passado, foram realizadas mais de mil an\u00e1lises, em atendimento a produtores rurais da regi\u00e3o e \u00e0 demanda interna do campus, relativa \u00e0s an\u00e1lises para pesquisa e para as \u00e1reas de produ\u00e7\u00e3o. Est\u00e3o sendo atendidos produtores rurais de mais de 40 munic\u00edpios dos vales do Rio Doce e Jequitinhonha. As maiores procuras s\u00e3o de an\u00e1lises para o cultivo de pastagens, eucalipto, milho, feij\u00e3o, olericultura, cana-de-a\u00e7\u00facar e caf\u00e9. \u201cUm correto tratamento e manuseio do solo, principalmente no que se refere \u00e0 aplica\u00e7\u00e3o de corretivos e fertilizantes, pode multiplicar a produtividade, acrescentando em muitos casos, mais de 50% das produ\u00e7\u00f5es normalmente alcan\u00e7adas sem a correta utiliza\u00e7\u00e3o desses insumos\u201d, afirmou o profissional sobre os benef\u00edcios da an\u00e1lise de solo, instrumento imprescind\u00edvel para orienta\u00e7\u00e3o dos t\u00e9cnicos na defini\u00e7\u00e3o das doses de corretivos e fertilizantes a serem aplicadas.<\/p>\n<p>O investimento em uma an\u00e1lise de rotina para avalia\u00e7\u00e3o da fertilidade \u00e9 de R$ 20,00. De acordo com o respons\u00e1vel pelo laborat\u00f3rio, o objetivo do setor \u00e9 conquistar, em 2015, o reconhecimento de qualidade para verifica\u00e7\u00f5es mais complexas, como as an\u00e1lises de micronutrientes em solo e em folhas. Para que isso seja poss\u00edvel est\u00e1 sendo adquirido um espectrofot\u00f4metro de absor\u00e7\u00e3o at\u00f4mica, cuja instala\u00e7\u00e3o est\u00e1 prevista para in\u00edcio de 2015. Sabendo da import\u00e2ncia das an\u00e1lises f\u00edsicas do solo, est\u00e3o sendo adquiridos, atrav\u00e9s de projeto de pesquisa aprovado pelo Prof. Jos\u00e9 Roberto, os equipamentos necess\u00e1rios para coleta de amostras para determina\u00e7\u00e3o de densidade e porosidade total do solo. Em conson\u00e2ncia com o Plano de Desenvolvimento do Laborat\u00f3rio, ser\u00e1 solicitado aos gestores do campus \u00e0 aquisi\u00e7\u00e3o dos equipamentos necess\u00e1rios \u00e0s an\u00e1lises de textura do solo, atualmente requisitadas pelos bancos, como exig\u00eancia para o financiamento rural. \u201cPrecisamos implantar a an\u00e1lise f\u00edsica do solo para facilitar a vida dos produtores rurais, porque o laborat\u00f3rio mais pr\u00f3ximo daqui est\u00e1 na regi\u00e3o de Belo Horizonte\u201d, explicou.<\/p>\n<p>Segundo o respons\u00e1vel pelo laborat\u00f3rio essas aquisi\u00e7\u00f5es, e a consequentemente amplia\u00e7\u00e3o das atividades do laborat\u00f3rio, s\u00e3o fundamentais para um melhor atendimento da demanda pedag\u00f3gica dos cursos das \u00e1reas, agr\u00e1ria e ambiental do campus. <strong>(Ascom IFMG\/SJE)<\/strong><\/p>\n","protected":false},"excerpt":{"rendered":"<p>O Laborat\u00f3rio de An\u00e1lise de Solo do campus, em funcionamento desde 1996, mais uma vez recebe a chancela do Programa Inter laboratorial de Controle de Qualidade de An\u00e1lise de Solo de Minas Gerais (PROFERT-MG). Segundo o Prof. Jos\u00e9 Roberto de Paula, Engenheiro Agr\u00f4nomo e respons\u00e1vel pelo laborat\u00f3rio, o selo \u00e9 oferecido para as institui\u00e7\u00f5es de [&hellip;]<\/p>\n","protected":false},"author":1,"featured_media":37445,"comment_status":"open","ping_status":"closed","sticky":false,"template":"","format":"standard","meta":{"amp_status":"","footnotes":""},"categories":[121],"tags":[13857,162],"class_list":["post-37444","post","type-post","status-publish","format-standard","has-post-thumbnail","hentry","category-leste","tag-laboratorio-de-solos-do-ifmg-campus-sao-joao-evangelista-tem-destaque-no-profertmg","tag-sao-joao-evangelista"],"_links":{"self":[{"href":"https:\/\/aconteceunovale.com.br\/portal\/index.php?rest_route=\/wp\/v2\/posts\/37444","targetHints":{"allow":["GET"]}}],"collection":[{"href":"https:\/\/aconteceunovale.com.br\/portal\/index.php?rest_route=\/wp\/v2\/posts"}],"about":[{"href":"https:\/\/aconteceunovale.com.br\/portal\/index.php?rest_route=\/wp\/v2\/types\/post"}],"author":[{"embeddable":true,"href":"https:\/\/aconteceunovale.com.br\/portal\/index.php?rest_route=\/wp\/v2\/users\/1"}],"replies":[{"embeddable":true,"href":"https:\/\/aconteceunovale.com.br\/portal\/index.php?rest_route=%2Fwp%2Fv2%2Fcomments&post=37444"}],"version-history":[{"count":0,"href":"https:\/\/aconteceunovale.com.br\/portal\/index.php?rest_route=\/wp\/v2\/posts\/37444\/revisions"}],"wp:featuredmedia":[{"embeddable":true,"href":"https:\/\/aconteceunovale.com.br\/portal\/index.php?rest_route=\/wp\/v2\/media\/37445"}],"wp:attachment":[{"href":"https:\/\/aconteceunovale.com.br\/portal\/index.php?rest_route=%2Fwp%2Fv2%2Fmedia&parent=37444"}],"wp:term":[{"taxonomy":"category","embeddable":true,"href":"https:\/\/aconteceunovale.com.br\/portal\/index.php?rest_route=%2Fwp%2Fv2%2Fcategories&post=37444"},{"taxonomy":"post_tag","embeddable":true,"href":"https:\/\/aconteceunovale.com.br\/portal\/index.php?rest_route=%2Fwp%2Fv2%2Ftags&post=37444"}],"curies":[{"name":"wp","href":"https:\/\/api.w.org\/{rel}","templated":true}]}}