{"id":37427,"date":"2014-08-15T13:18:07","date_gmt":"2014-08-15T16:18:07","guid":{"rendered":"http:\/\/aconteceunovale.com.br\/portal\/?p=37427"},"modified":"2014-08-15T13:18:07","modified_gmt":"2014-08-15T16:18:07","slug":"advogados-pedem-revogacao-da-prisao-do-empresario-considerado-como-o-pai-dos-pobres-de-salinas","status":"publish","type":"post","link":"https:\/\/aconteceunovale.com.br\/portal\/?p=37427","title":{"rendered":"Advogados pedem revoga\u00e7\u00e3o da pris\u00e3o do empres\u00e1rio considerado como o &#8220;pai dos pobres&#8221; de Salinas"},"content":{"rendered":"<p><em><\/p>\n<h4><strong>Empres\u00e1rio tem problemas de sa\u00fade, segundo advogado. Ant\u00f4nio Rodrigues \u00e9 suspeito de tentativa de homic\u00eddio e crimes sexuais.<\/strong><\/h4>\n<p><\/em><\/p>\n<p>Os advogados, Frederico do Esp\u00edrito Santo Ara\u00fajo e Jean Racine, respons\u00e1veis pela defesa do empres\u00e1rio Ant\u00f4nio Eust\u00e1quio Rodrigues, de 64 anos, conhecido como &#8220;O Rei da Cacha\u00e7a&#8221;, entraram nesta quinta-feira, 14 de agosto, com um pedido de revoga\u00e7\u00e3o da pris\u00e3o preventiva.<\/p>\n<p><a href=\"http:\/\/aconteceunovale.com.br\/portal\/?p=37123\" target=\"_blank\">Ant\u00f4nio Rodrigues foi preso na ter\u00e7a-feira (12)<\/a>, foi ouvido na Delegacia de Pol\u00edcia Civil de Salinas e na manh\u00e3 de ontem foi transferido para o <a href=\"http:\/\/aconteceunovale.com.br\/portal\/?p=37355\" target=\"_blank\">pres\u00eddio de Pedra Azul, no Vale do Jequitinhonha<\/a>. O homem foi preso por crime sexual contra dois adolescentes, um garoto de 14 anos e uma garota de 15, e de tentativa de homic\u00eddio contra um jovem de 18 anos.<\/p>\n<p>Segundo informa\u00e7\u00f5es do delegado, depois da pris\u00e3o do empres\u00e1rio, <a href=\"http:\/\/aconteceunovale.com.br\/portal\/?p=37407\" target=\"_blank\">um adolescente de 13 anos procurou a Delegacia para prestar queixa de abusos cometidos pelo suspeito. Detalhes sobre a nova den\u00fancia n\u00e3o foram reveladas. \u201cO processo corre em sigilo, j\u00e1 que o empres\u00e1rio \u00e9 personalidade na cidade e se tratam de suspeitas.\u201d, declarou<\/a>.<\/p>\n<p>Para o advogado de defesa, n\u00e3o h\u00e1 materialidade desses crimes que justifique a pris\u00e3o preventiva, com isso foi pedida a revoga\u00e7\u00e3o da pris\u00e3o para uma pena restritiva a pris\u00e3o domiciliar ou monitoramento eletr\u00f4nico, visto que o empres\u00e1rio n\u00e3o seria uma amea\u00e7a p\u00fablica.<\/p>\n<p>\u201cO caso de estupro de vulner\u00e1vel estava sendo apurado pelo Minist\u00e9rio P\u00fablico h\u00e1 algum tempo, mas o pr\u00f3prio promotor pediu o arquivamento por ver que n\u00e3o houve este crime. Quanto a suspeita de tentativa de homic\u00eddio, trata-se de um desentendimento. Um rapaz teria batido no port\u00e3o da casa do senhor Toni e uma vizinha teria ouvido ele dizer que iria atropelar o rapaz. N\u00e3o acreditamos que isso se caracterize como tentativa de homic\u00eddio, no m\u00e1ximo uma les\u00e3o corporal\u201d, afirma o advogado.<\/p>\n<p>Ainda segundo a defesa, foi apresentado um laudo m\u00e9dico que atesta que Toni Rodrigues sofre de hipertens\u00e3o grave e precisa ser internado em um hospital. <\/p>\n<h4>Cidade est\u00e1 chocada com a pris\u00e3o<\/h4>\n<p>Chocada. Assim est\u00e1 Salinas, com 40 mil habitantes, no Norte de Minas, diante das den\u00fancias contra o empres\u00e1rio Ant\u00f4nio Eust\u00e1quio Rodrigues, de 64 anos, criador das marcas Seleta e Boazinha e considerado o maior produtor de cacha\u00e7a artesanal do pa\u00eds.<\/p>\n<p><img decoding=\"async\" src=\"http:\/\/aconteceunovale.com.br\/portal\/wp-content\/uploads\/2014\/08\/pai_dos_pobres.jpg\" alt=\"\" \/><em>(Advogados entraram com pedido de revoga\u00e7\u00e3o da pris\u00e3o preventiva &#8211; Foto: Divulga\u00e7\u00e3o)<\/em><br \/>\n<\/br><\/p>\n<p>Rodrigues \u00e9 considerado \u201cpai dos pobres\u201d em Salinas, devido a doa\u00e7\u00f5es diversas que faz \u00e0 popula\u00e7\u00e3o de baixa renda. Mas o maior temor \u00e9 de que a repercuss\u00e3o negativa do caso cause preju\u00edzos para a produ\u00e7\u00e3o de cacha\u00e7a artesanal, carro-chefe da economia local e respons\u00e1vel por 3,5 mil empregos no munic\u00edpio. \u201cIsso provoca impacto negativo no nosso segmento. \u00c9 preciso cautela\u201d, avalia o presidente da Associa\u00e7\u00e3o dos Produtores de Cacha\u00e7a Artesanal de Salinas (Apacs), Eilton Santiago. <\/p>\n<p>\u201cSalinas \u00e9 uma cidade de paz. Ningu\u00e9m pode ser culpado antecipadamente. Mas a nossa expectativa \u00e9 que os fatos sejam esclarecidos pela Justi\u00e7a\u201d, afirmou o prefeito Joaquim Neres (PT), o Quincas da Ciclodias. \u201cA cidade est\u00e1 chocada\u201d, declarou a secret\u00e1ria municipal de Governo, Patr\u00edcia Guimar\u00e3es.<\/p>\n<p>As den\u00fancias se tornaram o assunto mais comentado nas ruas da cidade, principalmente pelos h\u00e1bitos diferentes de Rodrigues. Ele \u00e9 visto como personagem exc\u00eantrico e folcl\u00f3rico. Uma ex-funcion\u00e1ria da Seleta conta, por exemplo, que o empres\u00e1rio costuma usar roupas iguais aos uniformes do Ex\u00e9rcito e da Marinha: \u201cQuando veste a roupa branca da Marinha, quer dizer que ele est\u00e1 em paz. No dia em que veste a roupa do Ex\u00e9rcito, ningu\u00e9m nem pode encostar, porque ele est\u00e1 atacado\u201d. Outros moradores revelam que o produtor de cacha\u00e7a mant\u00e9m uma boate dentro da sede de sua empresa e cria animais silvestres, como gamb\u00e1s, urubus e cobras.<\/p>\n<h4>Investiga\u00e7\u00e3o contra o empres\u00e1rio<\/h4>\n<p>A investiga\u00e7\u00e3o contra Rodrigues come\u00e7ou h\u00e1 cinco meses, quando foram feitas den\u00fancias an\u00f4nimas a Policia Civil, ao Minist\u00e9rio P\u00fablico estadual e ao Conselho Tutelar dos Direitos das Crian\u00e7as e dos Adolescentes de Salinas. O delegado garante que \u201cprovas contundentes\u201d motivaram a pris\u00e3o preventiva do empres\u00e1rio. <\/p>\n<p>Depois da pris\u00e3o por suspeita de tentativa de homic\u00eddio e crimes sexuais contra adolescentes, surgiram novas den\u00fancias an\u00f4nimas contra o produtor de cacha\u00e7a. A informa\u00e7\u00e3o foi divulgada ontem \u00e0 tarde pelo delegado de Salinas, Jos\u00e9 Eduardo dos Santos, que n\u00e3o d\u00e1 detalhes porque a investiga\u00e7\u00e3o \u00e9 sigilosa. \u201cS\u00e3o den\u00fancias an\u00f4nimas e n\u00e3o sabemos se s\u00e3o verdadeiras, pois tamb\u00e9m podem ser feitas por pessoas que querem prejudicar o empres\u00e1rio\u201d, afirmou o policial. <\/p>\n<p>O delegado admitiu, em entrevista coletiva, a exist\u00eancia de um v\u00eddeo, usado como prova na acusa\u00e7\u00e3o de tentativa de homic\u00eddio, cuja v\u00edtima ainda n\u00e3o foi identificada, mas tamb\u00e9m n\u00e3o deu detalhes.  <\/p>\n<h4>Ajuda a popula\u00e7\u00e3o carente<\/h4>\n<p>Mesmo com as acusa\u00e7\u00f5es de pedofilia, Rodrigues \u00e9 considerado \u201cpai dos pobres\u201d em Salinas. O apelido \u00e9 devido ao fato de ele distribuir cestas b\u00e1sicas e rem\u00e9dios a fam\u00edlias de baixa renda do munic\u00edpio, al\u00e9m de ajudar na reforma de casas, inclusive de seus funcion\u00e1rios. \u201cDeus que aben\u00e7oe seu Ant\u00f4nio, onde que ele estiver. \u00c9 uma excelente pessoa\u201d, afirma a aposentada Geralda Maria de Jesus, de 70 anos, moradora da Vila Cana\u00e3, uma das \u00e1reas mais carentes de Salinas. Ela diz que recebeu cesta b\u00e1sica e material para constru\u00e7\u00e3o de um telhado no quintal de sua casa.<\/p>\n<p>Na Vila Cana\u00e3, um dos maiores defensores do produtor de cacha\u00e7a \u00e9 Luciano Barbosa, de 38, que ficou tetrapl\u00e9gico h\u00e1 12 anos, depois de sofrer uma queda quando trabalhava como \u201camansador de burro bravo\u201d. \u201cTudo que eu preciso, o \u2018seu\u2019 Ant\u00f4nio d\u00e1 para mim. \u00c9 rem\u00e9dio, \u00e1gua mineral, comida\u201d, conta. \u201cEssas coisas que inventaram contra ele \u00e9 (sic) tudo mentira\u201d.<\/p>\n<p>A estudante Jaine Amaral, de 21, afirma ser afilhada do produtor de cacha\u00e7a, de quem tamb\u00e9m se tornou amiga. \u201cConvivo com ele h\u00e1 mais de seis anos como amiga. Ele nunca tentou nada comigo\u201d, garante. O pai dela, o aut\u00f4nomo Jair Amaral, acrescenta que o empres\u00e1rio sempre tratou sua filha com respeito.<\/p>\n<p>Gleidson de Souza, de 18, \u00e9 irm\u00e3o (por parte de pai) do adolescente de 14 anos que acusou Rodrigues de abuso sexual em depoimento. Mas afirma que discorda do meio irm\u00e3o, que mora em outra casa. \u201cO \u2018seu\u2019 Ant\u00f4nio \u00e9 um homem que gosta de ajudar as pessoas e sempre pergunta aos jovens se est\u00e3o estudando. Gleison revela que j\u00e1 ganhou presentes do empres\u00e1rio, como uma camisa e uma jaqueta usadas, mas \u201cn\u00e3o houve nada em troca\u201d.<\/p>\n<p><strong><em>(Publica\u00e7\u00e3o baseada em reportagem do G1 e Jornal Estado de Minas)<\/em><\/strong><\/p>\n","protected":false},"excerpt":{"rendered":"<p>Empres\u00e1rio tem problemas de sa\u00fade, segundo advogado. Ant\u00f4nio Rodrigues \u00e9 suspeito de tentativa de homic\u00eddio e crimes sexuais. Os advogados, Frederico do Esp\u00edrito Santo Ara\u00fajo e Jean Racine, respons\u00e1veis pela defesa do empres\u00e1rio Ant\u00f4nio Eust\u00e1quio Rodrigues, de 64 anos, conhecido como &#8220;O Rei da Cacha\u00e7a&#8221;, entraram nesta quinta-feira, 14 de agosto, com um pedido de [&hellip;]<\/p>\n","protected":false},"author":1,"featured_media":37428,"comment_status":"open","ping_status":"closed","sticky":false,"template":"","format":"standard","meta":{"amp_status":"","footnotes":""},"categories":[1236],"tags":[13843,13785,1018,791,13844,455,13564,190,13567],"class_list":["post-37427","post","type-post","status-publish","format-standard","has-post-thumbnail","hentry","category-norte_de_minas","tag-advogados-pedem-revogacao-da-prisao-do-empresario-considerado-como-o-pai-dos-pobres-de-salinas","tag-antonio-eustaquio-rodrigues","tag-destaque","tag-o-rei-da-cachaca","tag-pai-dos-pobres-de-salinas","tag-pedra-azul","tag-rei-da-cachaca","tag-salinas","tag-toni-rodrigues"],"_links":{"self":[{"href":"https:\/\/aconteceunovale.com.br\/portal\/index.php?rest_route=\/wp\/v2\/posts\/37427","targetHints":{"allow":["GET"]}}],"collection":[{"href":"https:\/\/aconteceunovale.com.br\/portal\/index.php?rest_route=\/wp\/v2\/posts"}],"about":[{"href":"https:\/\/aconteceunovale.com.br\/portal\/index.php?rest_route=\/wp\/v2\/types\/post"}],"author":[{"embeddable":true,"href":"https:\/\/aconteceunovale.com.br\/portal\/index.php?rest_route=\/wp\/v2\/users\/1"}],"replies":[{"embeddable":true,"href":"https:\/\/aconteceunovale.com.br\/portal\/index.php?rest_route=%2Fwp%2Fv2%2Fcomments&post=37427"}],"version-history":[{"count":0,"href":"https:\/\/aconteceunovale.com.br\/portal\/index.php?rest_route=\/wp\/v2\/posts\/37427\/revisions"}],"wp:featuredmedia":[{"embeddable":true,"href":"https:\/\/aconteceunovale.com.br\/portal\/index.php?rest_route=\/wp\/v2\/media\/37428"}],"wp:attachment":[{"href":"https:\/\/aconteceunovale.com.br\/portal\/index.php?rest_route=%2Fwp%2Fv2%2Fmedia&parent=37427"}],"wp:term":[{"taxonomy":"category","embeddable":true,"href":"https:\/\/aconteceunovale.com.br\/portal\/index.php?rest_route=%2Fwp%2Fv2%2Fcategories&post=37427"},{"taxonomy":"post_tag","embeddable":true,"href":"https:\/\/aconteceunovale.com.br\/portal\/index.php?rest_route=%2Fwp%2Fv2%2Ftags&post=37427"}],"curies":[{"name":"wp","href":"https:\/\/api.w.org\/{rel}","templated":true}]}}