{"id":37417,"date":"2014-08-15T12:20:33","date_gmt":"2014-08-15T15:20:33","guid":{"rendered":"http:\/\/aconteceunovale.com.br\/portal\/?p=37417"},"modified":"2014-08-15T21:16:38","modified_gmt":"2014-08-16T00:16:38","slug":"homem-e-morto-no-lugar-do-irmao-em-montes-claros","status":"publish","type":"post","link":"https:\/\/aconteceunovale.com.br\/portal\/?p=37417","title":{"rendered":"Homem \u00e9 morto no lugar do irm\u00e3o em Montes Claros"},"content":{"rendered":"<h4><strong>Suspeitos estavam em uma motocicleta e n\u00e3o foram localizados<\/strong><\/h4>\n<p>Um homem de 33 anos foi assassinado, na noite dessa quinta-feira (14), em Montes Claros, no Norte de Minas, na porta de casa. Populares contaram \u00e0 Pol\u00edcia Militar que o alvo dos bandidos eram o irm\u00e3o da v\u00edtima.<\/p>\n<p>De acordo com o boletim de ocorr\u00eancia da corpora\u00e7\u00e3o, dois homens em uma motocicleta passaram por Rog\u00e9rio C\u00e2mara de Jesus na rua Alcioli Trindade, no bairro Dona Greg\u00f3ria, por duas vezes e apenas balan\u00e7aram a cabe\u00e7a.<\/p>\n<p>[image src=&#8221;http:\/\/aconteceunovale.com.br\/portal\/wp-content\/uploads\/2014\/08\/rogerio_camara_moc.jpg&#8221; width=&#8221;200&#8243; height=&#8221;200&#8243; lightbox=&#8221;yes&#8221; align=&#8221;left&#8221; float=&#8221;right&#8221;]<\/p>\n<p>Minutos depois, os suspeitos voltaram e um deles atirou. A irm\u00e3 da v\u00edtima foi at\u00e9 o port\u00e3o, mas j\u00e1 encontrou Rog\u00e9rio morto. Ela n\u00e3o soube informar qual seria a real motiva\u00e7\u00e3o do crime. Tamb\u00e9m n\u00e3o se sabe por qual motivo o outro irm\u00e3o da v\u00edtima seria alvo dos bandidos.<\/p>\n<p>Populares informaram o nome de um suspeito para os policiais, mas ele n\u00e3o foi localizado. A Pol\u00edcia Civil vai investigar o caso.<\/p>\n<p>Rog\u00e9rio C\u00e2mara era locutor de r\u00e1dio. Em uma rede social amigos lamentaram a morte do profissional. &#8220;Hoje a classe de Radialistas, Jornalistas e Comunicadores de Montes Claros amanheceu mais triste&#8221;, publicou o amigo radialista Dhiogo Revert.<\/p>\n<p>(O Tempo)<\/p>\n","protected":false},"excerpt":{"rendered":"<p>Suspeitos estavam em uma motocicleta e n\u00e3o foram localizados Um homem de 33 anos foi assassinado, na noite dessa quinta-feira (14), em Montes Claros, no Norte de Minas, na porta de casa. Populares contaram \u00e0 Pol\u00edcia Militar que o alvo dos bandidos eram o irm\u00e3o da v\u00edtima. De acordo com o boletim de ocorr\u00eancia da [&hellip;]<\/p>\n","protected":false},"author":1,"featured_media":37452,"comment_status":"open","ping_status":"closed","sticky":false,"template":"","format":"standard","meta":{"amp_status":"","footnotes":""},"categories":[1236],"tags":[13835,210,13860,13836],"class_list":["post-37417","post","type-post","status-publish","format-standard","has-post-thumbnail","hentry","category-norte_de_minas","tag-homem-e-morto-no-lugar-do-irmao-em-montes-claros","tag-montes-claros","tag-rogerio-camara","tag-rogerio-camara-de-jesus"],"_links":{"self":[{"href":"https:\/\/aconteceunovale.com.br\/portal\/index.php?rest_route=\/wp\/v2\/posts\/37417","targetHints":{"allow":["GET"]}}],"collection":[{"href":"https:\/\/aconteceunovale.com.br\/portal\/index.php?rest_route=\/wp\/v2\/posts"}],"about":[{"href":"https:\/\/aconteceunovale.com.br\/portal\/index.php?rest_route=\/wp\/v2\/types\/post"}],"author":[{"embeddable":true,"href":"https:\/\/aconteceunovale.com.br\/portal\/index.php?rest_route=\/wp\/v2\/users\/1"}],"replies":[{"embeddable":true,"href":"https:\/\/aconteceunovale.com.br\/portal\/index.php?rest_route=%2Fwp%2Fv2%2Fcomments&post=37417"}],"version-history":[{"count":0,"href":"https:\/\/aconteceunovale.com.br\/portal\/index.php?rest_route=\/wp\/v2\/posts\/37417\/revisions"}],"wp:featuredmedia":[{"embeddable":true,"href":"https:\/\/aconteceunovale.com.br\/portal\/index.php?rest_route=\/wp\/v2\/media\/37452"}],"wp:attachment":[{"href":"https:\/\/aconteceunovale.com.br\/portal\/index.php?rest_route=%2Fwp%2Fv2%2Fmedia&parent=37417"}],"wp:term":[{"taxonomy":"category","embeddable":true,"href":"https:\/\/aconteceunovale.com.br\/portal\/index.php?rest_route=%2Fwp%2Fv2%2Fcategories&post=37417"},{"taxonomy":"post_tag","embeddable":true,"href":"https:\/\/aconteceunovale.com.br\/portal\/index.php?rest_route=%2Fwp%2Fv2%2Ftags&post=37417"}],"curies":[{"name":"wp","href":"https:\/\/api.w.org\/{rel}","templated":true}]}}