{"id":37407,"date":"2014-08-14T21:07:01","date_gmt":"2014-08-15T00:07:01","guid":{"rendered":"http:\/\/aconteceunovale.com.br\/portal\/?p=37407"},"modified":"2014-08-14T21:07:01","modified_gmt":"2014-08-15T00:07:01","slug":"policia-investiga-mais-uma-denuncia-de-abuso-sexual-contra-o-rei-da-cachaca","status":"publish","type":"post","link":"https:\/\/aconteceunovale.com.br\/portal\/?p=37407","title":{"rendered":"Pol\u00edcia investiga mais uma den\u00fancia de abuso sexual contra o \u201cRei da Cacha\u00e7a\u201d"},"content":{"rendered":"<p>O delegado Jos\u00e9 Eduardo Gon\u00e7alves dos Santos, respons\u00e1vel pelo caso do empres\u00e1rio Ant\u00f4nio Eust\u00e1quio Rodrigues, de 64 anos, &#8220;O Rei da Cacha\u00e7a&#8221;, revelou em entrevista coletiva na tarde desta quinta-feira, 14 de agosto, que pelo menos mais uma den\u00fancia de abuso sexual deve ser investigada pela Pol\u00edcia Civil de Salinas, no Norte de Minas Gerais.<\/p>\n<p><a href=\"http:\/\/aconteceunovale.com.br\/portal\/?p=37123\" target=\"_blank\">Ant\u00f4nio Rodrigues foi preso na ter\u00e7a-feira (12)<\/a>, foi ouvido na Delegacia de Pol\u00edcia Civil de Salinas e <a href=\"http:\/\/aconteceunovale.com.br\/portal\/?p=37355\" target=\"_blank\">na manh\u00e3 de ontem foi transferido para o pres\u00eddio de Pedra Azul, no Vale do Jequitinhonha<\/a>. O homem foi preso por crime sexual contra dois adolescentes, um garoto de 14 anos e uma garota de 15, e de tentativa de homic\u00eddio contra um jovem de 18 anos.<\/p>\n<p>Segundo informa\u00e7\u00f5es do delegado, depois da pris\u00e3o do empres\u00e1rio, um adolescente de 13 anos procurou a Delegacia para prestar queixa de abusos cometidos pelo suspeito. Detalhes sobre a nova den\u00fancia n\u00e3o foram reveladas. &#8220;O processo corre em sigilo, j\u00e1 que o empres\u00e1rio \u00e9 personalidade na cidade e se tratam de suspeitas.&#8221;, declarou.<\/p>\n<p><img decoding=\"async\" src=\"http:\/\/aconteceunovale.com.br\/portal\/wp-content\/uploads\/2014\/08\/nova_denuncia_rei_da_cachaca.jpg\" alt=\"\" \/><em>(Preso \u00e9 investigado por mais uma den\u00fancia de crime sexual &#8211; Foto: Folha Regional\/Reprodu\u00e7\u00e3o)<\/em><br \/>\n<\/br><\/p>\n<h4>Identifica\u00e7\u00e3o da v\u00edtima de tentativa de homic\u00eddio<\/h4>\n<p>A pol\u00edcia tenta identificar a v\u00edtima da tentativa de homic\u00eddio. Em um v\u00eddeo, registrado por c\u00e2meras de seguran\u00e7a, o empres\u00e1rio aparece perseguindo um homem com um carro. Testemunhas afirmaram que Rodrigues espancou o jovem e fugiu em seguida.<\/p>\n<h4>Fam\u00edlia alega problemas psicol\u00f3gicos<\/h4>\n<p>Ainda segundo o delegado do caso, os parentes alegam que o &#8220;Rei da Cacha\u00e7a&#8221; teria problemas psicol\u00f3gicos e transtorno bipolar. &#8220;No depoimento n\u00e3o observei nenhum tipo de dist\u00farbio psicol\u00f3gico no homem, mas um profissional vai avali\u00e1-lo&#8221;, explicou.<\/p>\n<h4>Detalhes da Opera\u00e7\u00e3o<\/h4>\n<p>O empres\u00e1rio foi preso ap\u00f3s cinco meses de investiga\u00e7\u00e3o conjunta entre Pol\u00edcia Civil e Minist\u00e9rio P\u00fablico de Minas Gerais, pela Opera\u00e7\u00e3o &#8220;Papai Noel&#8221;. A opera\u00e7\u00e3o recebeu esse nome em refer\u00eancia a barba do suspeito.<\/p>\n<h4>Nota de esclarecimento da empresa<\/h4>\n<p>Confira abaixo a nota de esclarecimento enviada ao Portal Aconteceu no Vale pela empresa Seleta e Boazinha Ind\u00fastria Com\u00e9rcio Importa\u00e7\u00e3o e Exporta\u00e7\u00e3o Ltda., detentora da marca Seleta, sobre a pris\u00e3o do s\u00f3cio-fundador, Ant\u00f4nio Eust\u00e1quio Rodrigues, o \u201cRei da Cacha\u00e7a\u201d.<\/p>\n<p><em>A Seleta e Boazinha Ind\u00fastria Com\u00e9rcio Importa\u00e7\u00e3o e Exporta\u00e7\u00e3o Ltda, detentora da marca Seleta, esclarece a todos os clientes, fornecedores, parceiros e amigos, diante dos problemas pessoais enfrentados pelo seu s\u00f3cio-fundador, Sr. Ant\u00f4nio Eust\u00e1quio Rodrigues, que a empresa continua a operar regularmente, cumprindo com empenho seu objeto social.<\/p>\n<p>Comunicamos que o Sr. Ant\u00f4nio encontra-se afastado das atividades de gest\u00e3o da empresa desde 2006, por decis\u00e3o do Conselho administrativo do grupo, em virtude de graves problemas de sa\u00fade.<\/p>\n<p>A empresa reitera o comprometimento com a excel\u00eancia de seus produtos, que a credencia como refer\u00eancia nacional no segmento, empregando mais de 300 colaboradores, que posicionam a marca no topo da produ\u00e7\u00e3o de cacha\u00e7a artesanal do Brasil.<\/p>\n<p>Toda a equipe Seleta est\u00e1 confiante em uma instru\u00e7\u00e3o processual justa, coerente e dentro dos par\u00e2metros da legalidade, na expectativa de que seu s\u00f3cio-fundador preste todas as informa\u00e7\u00f5es necess\u00e1rias \u00e0 elucida\u00e7\u00e3o dos fatos imputados a sua pessoa f\u00edsica.<\/em><\/p>\n","protected":false},"excerpt":{"rendered":"<p>O delegado Jos\u00e9 Eduardo Gon\u00e7alves dos Santos, respons\u00e1vel pelo caso do empres\u00e1rio Ant\u00f4nio Eust\u00e1quio Rodrigues, de 64 anos, &#8220;O Rei da Cacha\u00e7a&#8221;, revelou em entrevista coletiva na tarde desta quinta-feira, 14 de agosto, que pelo menos mais uma den\u00fancia de abuso sexual deve ser investigada pela Pol\u00edcia Civil de Salinas, no Norte de Minas Gerais. [&hellip;]<\/p>\n","protected":false},"author":1,"featured_media":37408,"comment_status":"open","ping_status":"closed","sticky":false,"template":"","format":"standard","meta":{"amp_status":"","footnotes":""},"categories":[1236],"tags":[13785,13828,1018,13825,791,13826,455,13829,13564,190,13827],"class_list":["post-37407","post","type-post","status-publish","format-standard","has-post-thumbnail","hentry","category-norte_de_minas","tag-antonio-eustaquio-rodrigues","tag-boazinha","tag-destaque","tag-jose-eduardo-goncalves-dos-santos","tag-o-rei-da-cachaca","tag-operacao-papai-noel","tag-pedra-azul","tag-policia-investiga-mais-uma-denuncia-de-abuso-sexual-contra-o-rei-da-cachaca","tag-rei-da-cachaca","tag-salinas","tag-seleta"],"_links":{"self":[{"href":"https:\/\/aconteceunovale.com.br\/portal\/index.php?rest_route=\/wp\/v2\/posts\/37407","targetHints":{"allow":["GET"]}}],"collection":[{"href":"https:\/\/aconteceunovale.com.br\/portal\/index.php?rest_route=\/wp\/v2\/posts"}],"about":[{"href":"https:\/\/aconteceunovale.com.br\/portal\/index.php?rest_route=\/wp\/v2\/types\/post"}],"author":[{"embeddable":true,"href":"https:\/\/aconteceunovale.com.br\/portal\/index.php?rest_route=\/wp\/v2\/users\/1"}],"replies":[{"embeddable":true,"href":"https:\/\/aconteceunovale.com.br\/portal\/index.php?rest_route=%2Fwp%2Fv2%2Fcomments&post=37407"}],"version-history":[{"count":0,"href":"https:\/\/aconteceunovale.com.br\/portal\/index.php?rest_route=\/wp\/v2\/posts\/37407\/revisions"}],"wp:featuredmedia":[{"embeddable":true,"href":"https:\/\/aconteceunovale.com.br\/portal\/index.php?rest_route=\/wp\/v2\/media\/37408"}],"wp:attachment":[{"href":"https:\/\/aconteceunovale.com.br\/portal\/index.php?rest_route=%2Fwp%2Fv2%2Fmedia&parent=37407"}],"wp:term":[{"taxonomy":"category","embeddable":true,"href":"https:\/\/aconteceunovale.com.br\/portal\/index.php?rest_route=%2Fwp%2Fv2%2Fcategories&post=37407"},{"taxonomy":"post_tag","embeddable":true,"href":"https:\/\/aconteceunovale.com.br\/portal\/index.php?rest_route=%2Fwp%2Fv2%2Ftags&post=37407"}],"curies":[{"name":"wp","href":"https:\/\/api.w.org\/{rel}","templated":true}]}}