{"id":37402,"date":"2014-08-14T20:03:23","date_gmt":"2014-08-14T23:03:23","guid":{"rendered":"http:\/\/aconteceunovale.com.br\/portal\/?p=37402"},"modified":"2014-08-14T20:04:25","modified_gmt":"2014-08-14T23:04:25","slug":"tribunal-regional-eleitoral-reverte-cassacao-de-prefeita-de-almenara","status":"publish","type":"post","link":"https:\/\/aconteceunovale.com.br\/portal\/?p=37402","title":{"rendered":"Tribunal Regional Eleitoral reverte cassa\u00e7\u00e3o de prefeita de Almenara"},"content":{"rendered":"<p>A Corte Eleitoral mineira reverteu, na sess\u00e3o desta quinta-feira (14), por cinco votos a um, a cassa\u00e7\u00e3o da prefeita de Almenara (Vale do Jequitinhonha), Fabiany Ferraz Gil Figueiredo (PSDB), e de seu vice, Manfredo Pereira de Souza (PRP). Eles tinham sido cassados pela ju\u00edza eleitoral local por capta\u00e7\u00e3o il\u00edcita de sufr\u00e1gio e abuso de poder pol\u00edtico. Com a decis\u00e3o do TRE-MG, eles n\u00e3o precisam deixar os cargos e nem pagar a multa arbitrada na decis\u00e3o de primeira inst\u00e2ncia.<\/p>\n<p>A a\u00e7\u00e3o de investiga\u00e7\u00e3o judicial contra a prefeita Fabiany Ferraz Gil Figueiredo e o vice Manfredo Pereira de Souza foi proposta por Gercira Gomes Cardoso (PMDB) e Renato Ferraz (PMN), candidatos a prefeito e vice n\u00e3o eleitos do munic\u00edpio. Eles alegaram que a prefeita e seu vice fizeram contrata\u00e7\u00e3o irregular de servidores p\u00fablicos, al\u00e9m de manter contratados de forma irregular na Prefeitura. Alegaram, ainda, que houve capta\u00e7\u00e3o il\u00edcita de sufr\u00e1gio por Fabiany e Manfredo.<\/p>\n<p><img decoding=\"async\" src=\"http:\/\/aconteceunovale.com.br\/portal\/wp-content\/uploads\/2014\/08\/prefeita_almenara_vitoria_1.jpg\" alt=\"\" \/><em>(Prefeita comemorou a vit\u00f3ria em uma rede social &#8211; Foto: Reprodu\u00e7\u00e3o\/Facebook)<\/em><br \/>\n<\/br><\/p>\n<p>Durante o julgamento no Tribunal Regional Eleitoral de Minas Gerais, o relator do caso, juiz Wladimir Rodrigues Dias, votou por manter a cassa\u00e7\u00e3o da prefeita e do vice. Na sess\u00e3o do dia 7 de agosto, o desembargador Paulo C\u00e9zar Dias pediu vista para melhor an\u00e1lise do caso e, na sess\u00e3o desta quinta-feira (14), votou pela revers\u00e3o da cassa\u00e7\u00e3o.<\/p>\n<p>O desembargador Paulo C\u00e9zar Dias considerou inconsistentes as provas que demonstrariam que houve compra de votos por parte da prefeita e do vice. Ele entendeu, ainda, que as condutas indicadas como abuso de poder pol\u00edtico n\u00e3o se configuram como tal. Para ele, \u201cverifica-se que n\u00e3o ficou devidamente comprovado nos autos que o pleito majorit\u00e1rio nas elei\u00e7\u00f5es de 2012, no Munic\u00edpio de Almenara, foi desequilibrado em prol das candidaturas dos recorrentes\u201d. O voto do desembargador foi seguido pelos outros quatro integrantes da Corte, que decidiram por reverter a cassa\u00e7\u00e3o da prefeita e do vice.<\/p>\n<p>Fabiany Ferraz Gil Figueiredo foi reeleita em 2012 com 32,79% (6.793) dos votos v\u00e1lidos.<\/p>\n<h4>Prefeita comemora a vit\u00f3ria<\/h4>\n<p>Em uma rede social a prefeita comemorou a vit\u00f3ria no julgamento do processo no TRE. \u201cMais uma vez a oposi\u00e7\u00e3o foi derrotada. A justi\u00e7a foi feita mais uma vez. Agrade\u00e7o a todos que torceram por mim e Dr. Manfredo. Desejo que os derrotados caiam na real e me deixem trabalhar em paz pelo nosso povo. Elei\u00e7\u00e3o se ganha nas urnas.\u201d<\/p>\n","protected":false},"excerpt":{"rendered":"<p>A Corte Eleitoral mineira reverteu, na sess\u00e3o desta quinta-feira (14), por cinco votos a um, a cassa\u00e7\u00e3o da prefeita de Almenara (Vale do Jequitinhonha), Fabiany Ferraz Gil Figueiredo (PSDB), e de seu vice, Manfredo Pereira de Souza (PRP). Eles tinham sido cassados pela ju\u00edza eleitoral local por capta\u00e7\u00e3o il\u00edcita de sufr\u00e1gio e abuso de poder [&hellip;]<\/p>\n","protected":false},"author":1,"featured_media":37403,"comment_status":"open","ping_status":"closed","sticky":false,"template":"","format":"standard","meta":{"amp_status":"","footnotes":""},"categories":[120],"tags":[142,13823,1018,13820,13821,13824,13822],"class_list":["post-37402","post","type-post","status-publish","format-standard","has-post-thumbnail","hentry","category-jequi","tag-almenara","tag-cassacao-da-prefeita-de-almenara","tag-destaque","tag-fabiany-ferraz-gil-figueiredo","tag-manfredo-pereira-de-souza","tag-processo-contra-a-prefeita-de-almenara","tag-tribunal-regional-eleitoral-reverte-cassacao-de-prefeita-de-almenara"],"_links":{"self":[{"href":"https:\/\/aconteceunovale.com.br\/portal\/index.php?rest_route=\/wp\/v2\/posts\/37402","targetHints":{"allow":["GET"]}}],"collection":[{"href":"https:\/\/aconteceunovale.com.br\/portal\/index.php?rest_route=\/wp\/v2\/posts"}],"about":[{"href":"https:\/\/aconteceunovale.com.br\/portal\/index.php?rest_route=\/wp\/v2\/types\/post"}],"author":[{"embeddable":true,"href":"https:\/\/aconteceunovale.com.br\/portal\/index.php?rest_route=\/wp\/v2\/users\/1"}],"replies":[{"embeddable":true,"href":"https:\/\/aconteceunovale.com.br\/portal\/index.php?rest_route=%2Fwp%2Fv2%2Fcomments&post=37402"}],"version-history":[{"count":0,"href":"https:\/\/aconteceunovale.com.br\/portal\/index.php?rest_route=\/wp\/v2\/posts\/37402\/revisions"}],"wp:featuredmedia":[{"embeddable":true,"href":"https:\/\/aconteceunovale.com.br\/portal\/index.php?rest_route=\/wp\/v2\/media\/37403"}],"wp:attachment":[{"href":"https:\/\/aconteceunovale.com.br\/portal\/index.php?rest_route=%2Fwp%2Fv2%2Fmedia&parent=37402"}],"wp:term":[{"taxonomy":"category","embeddable":true,"href":"https:\/\/aconteceunovale.com.br\/portal\/index.php?rest_route=%2Fwp%2Fv2%2Fcategories&post=37402"},{"taxonomy":"post_tag","embeddable":true,"href":"https:\/\/aconteceunovale.com.br\/portal\/index.php?rest_route=%2Fwp%2Fv2%2Ftags&post=37402"}],"curies":[{"name":"wp","href":"https:\/\/api.w.org\/{rel}","templated":true}]}}