{"id":37387,"date":"2014-08-14T18:58:40","date_gmt":"2014-08-14T21:58:40","guid":{"rendered":"http:\/\/aconteceunovale.com.br\/portal\/?p=37387"},"modified":"2014-08-14T18:58:40","modified_gmt":"2014-08-14T21:58:40","slug":"tribunal-regional-eleitoral-marca-novas-eleicoes-para-prefeito-em-jampruca","status":"publish","type":"post","link":"https:\/\/aconteceunovale.com.br\/portal\/?p=37387","title":{"rendered":"Tribunal Regional Eleitoral marca novas elei\u00e7\u00f5es para prefeito em Jampruca"},"content":{"rendered":"<p>O Tribunal Regional Eleitoral (TRE-MG) marcou, nesta quinta-feira (14), as novas elei\u00e7\u00f5es para prefeito e vice-prefeito de Jampruca, munic\u00edpio do Vale do Rio Doce, para o pr\u00f3ximo dia 7 de dezembro. O pleito suplementar ainda depende de aprova\u00e7\u00e3o do Tribunal Superior Eleitoral (TSE), j\u00e1 que ser\u00e1 no segundo semestre de ano eleitoral, conforme a Resolu\u00e7\u00e3o TSE n\u00ba 23.332\/2010.<\/p>\n<p>Se o TSE aprovar a elei\u00e7\u00e3o, as conven\u00e7\u00f5es para escolha de candidatos e forma\u00e7\u00e3o de coliga\u00e7\u00f5es poder\u00e3o ser feitas a partir do dia 29 de outubro.<\/p>\n<p>No \u00faltimo dia 29 de abril, a Corte Eleitoral confirmou a cassa\u00e7\u00e3o do prefeito e vice de Jampruca (pertencente \u00e0 136\u00aa ZE, de Itambacuri), Renato Vieira Cacique (PTB) e Adelmo Am\u00e2ncio Carreiro (PPS), por abuso de poder econ\u00f4mico e dos meios de comunica\u00e7\u00e3o, al\u00e9m de capta\u00e7\u00e3o il\u00edcita de sufr\u00e1gio. As novas elei\u00e7\u00f5es foram determinadas porque o prefeito cassado teve 50,27% dos votos em 2012. Os dois tamb\u00e9m foram declarados ineleg\u00edveis pela Corte. O relator do processo foi o juiz Alberto Diniz Junior.<\/p>\n<p>A a\u00e7\u00e3o foi apresentada pela coliga\u00e7\u00e3o Jampruca Voltada para o Futuro e pelos candidatos a prefeito e vice n\u00e3o eleitos, Mizael Cabral de Lira (PMDB) e Jos\u00e9 Eust\u00e1quio Dias Ferraz (PT). A decis\u00e3o da Corte Eleitoral reconheceu \u201co uso da m\u00e1quina administrativa municipal por meio de concess\u00e3o de gratifica\u00e7\u00f5es a servidores da Prefeitura em troca de pedido de voto\u201d, fato que configura abuso de poder econ\u00f4mico e dos meios de comunica\u00e7\u00e3o, al\u00e9m de capta\u00e7\u00e3o il\u00edcita de sufr\u00e1gio. <strong>(TRE\/MG)<\/strong><\/p>\n","protected":false},"excerpt":{"rendered":"<p>O Tribunal Regional Eleitoral (TRE-MG) marcou, nesta quinta-feira (14), as novas elei\u00e7\u00f5es para prefeito e vice-prefeito de Jampruca, munic\u00edpio do Vale do Rio Doce, para o pr\u00f3ximo dia 7 de dezembro. O pleito suplementar ainda depende de aprova\u00e7\u00e3o do Tribunal Superior Eleitoral (TSE), j\u00e1 que ser\u00e1 no segundo semestre de ano eleitoral, conforme a Resolu\u00e7\u00e3o [&hellip;]<\/p>\n","protected":false},"author":1,"featured_media":37388,"comment_status":"open","ping_status":"closed","sticky":false,"template":"","format":"standard","meta":{"amp_status":"","footnotes":""},"categories":[121],"tags":[236,13813,13812],"class_list":["post-37387","post","type-post","status-publish","format-standard","has-post-thumbnail","hentry","category-leste","tag-jampruca","tag-renato-vieira-cacique","tag-tribunal-regional-eleitoral-marca-novas-eleicoes-para-prefeito-em-jampruca"],"_links":{"self":[{"href":"https:\/\/aconteceunovale.com.br\/portal\/index.php?rest_route=\/wp\/v2\/posts\/37387","targetHints":{"allow":["GET"]}}],"collection":[{"href":"https:\/\/aconteceunovale.com.br\/portal\/index.php?rest_route=\/wp\/v2\/posts"}],"about":[{"href":"https:\/\/aconteceunovale.com.br\/portal\/index.php?rest_route=\/wp\/v2\/types\/post"}],"author":[{"embeddable":true,"href":"https:\/\/aconteceunovale.com.br\/portal\/index.php?rest_route=\/wp\/v2\/users\/1"}],"replies":[{"embeddable":true,"href":"https:\/\/aconteceunovale.com.br\/portal\/index.php?rest_route=%2Fwp%2Fv2%2Fcomments&post=37387"}],"version-history":[{"count":0,"href":"https:\/\/aconteceunovale.com.br\/portal\/index.php?rest_route=\/wp\/v2\/posts\/37387\/revisions"}],"wp:featuredmedia":[{"embeddable":true,"href":"https:\/\/aconteceunovale.com.br\/portal\/index.php?rest_route=\/wp\/v2\/media\/37388"}],"wp:attachment":[{"href":"https:\/\/aconteceunovale.com.br\/portal\/index.php?rest_route=%2Fwp%2Fv2%2Fmedia&parent=37387"}],"wp:term":[{"taxonomy":"category","embeddable":true,"href":"https:\/\/aconteceunovale.com.br\/portal\/index.php?rest_route=%2Fwp%2Fv2%2Fcategories&post=37387"},{"taxonomy":"post_tag","embeddable":true,"href":"https:\/\/aconteceunovale.com.br\/portal\/index.php?rest_route=%2Fwp%2Fv2%2Ftags&post=37387"}],"curies":[{"name":"wp","href":"https:\/\/api.w.org\/{rel}","templated":true}]}}