{"id":37383,"date":"2014-08-14T18:42:57","date_gmt":"2014-08-14T21:42:57","guid":{"rendered":"http:\/\/aconteceunovale.com.br\/portal\/?p=37383"},"modified":"2014-08-14T18:43:45","modified_gmt":"2014-08-14T21:43:45","slug":"piloto-de-governador-valadares-tinha-medo-era-de-dirigir-na-estrada-diz-irmao","status":"publish","type":"post","link":"https:\/\/aconteceunovale.com.br\/portal\/?p=37383","title":{"rendered":"Piloto de Governador Valadares tinha medo era de dirigir na estrada, diz irm\u00e3o"},"content":{"rendered":"<h4><em><strong>Piloto mineiro de Governador Valadares que morreu em acidente de avi\u00e3o esperava o segundo filho, uma menina, e estava feliz com o trabalho e a com a vida profissional, segundo o irm\u00e3o<\/strong><\/em><\/h4>\n<p>Calmo, correto e realizado. Essa \u00e9 a defini\u00e7\u00e3o de Eduardo Barbosa da Cunha, de 50 anos, para o irm\u00e3o ca\u00e7ula Geraldo Magela Barbosa da Cunha, de 44 anos, o piloto mineiro que morreu no acidente de avi\u00e3o ocorrido nesta quarta-feira (13), no qual tamb\u00e9m estava o candidato \u00e0 presid\u00eancia Eduardo Campos (PSB). Al\u00e9m de Campos e Magela, que atuava como copiloto no voo, tamb\u00e9m morreram o piloto e quatro funcion\u00e1rios da campanha. <\/p>\n<p>Magela era casado e deixa um filho de 4 anos, al\u00e9m de uma menina, que ainda est\u00e1 por vir. A mulher dele, que estava em Nova Jersey, nos Estados Unidos, quando ficou sabendo da not\u00edcia, est\u00e1 gr\u00e1vida de 7 meses e ficou em estado de choque. Ela estava com a passagem de volta para o Brasil marcada para a pr\u00f3xima segunda-feira (18), mas antecipou a volta e deve desembarcar no pa\u00eds nesta sexta-feira (15).<\/p>\n<p><img decoding=\"async\" src=\"http:\/\/aconteceunovale.com.br\/portal\/wp-content\/uploads\/2014\/08\/piloto_aviao_campos.jpg\" alt=\"\" \/><em>Valadarense morreu no acidente envolvendo o candidato a presidente do Brasil \u2013 Foto: Arquivo da Fam\u00edlia<\/em><br \/>\n<\/br><\/p>\n<p>A m\u00e3e do piloto tamb\u00e9m est\u00e1 em estado de choque e contou que gostaria de ter ido no lugar dele.<\/p>\n<p>Ao falar do irm\u00e3o, Eduardo deixa transparecer o orgulho que sentia do ca\u00e7ula da fam\u00edlia e at\u00e9 mesmo esbo\u00e7a alguns sorrisos ao se lembrar da conviv\u00eancia com ele. \u201cEle era o menorzinho. Eu sou o mais velho e o irm\u00e3o do meio, que mora nos Estados Unidos, tamb\u00e9m est\u00e1 vindo para c\u00e1. O apelido dele era Magelinha, por ser o ca\u00e7ula, mas a gente chamava ele de nenenzinho. Era uma brincadeira nossa, porque a mulher dele o chamava assim, e come\u00e7amos a cham\u00e1-lo assim tamb\u00e9m, s\u00f3 pra implicar mesmo\u201d, lembrou, aos risos.<\/p>\n<p>Eduardo conta que Magela, nascido em Governador Valadares, no Vale do Rio Doce, foi um dos primeiros valadarenses a migrar para os Estados Unidos, h\u00e1 cerca de 20 anos. \u201cSabe quando come\u00e7ou essa onda de valadarenses indo pros Estados Unidos pra \u00b4ganhar a vida\u00b4? Ele estava l\u00e1. Come\u00e7ou a estudar avia\u00e7\u00e3o aos 18 anos, ainda aqui em Minas, e aos 20 foi para Atlantic City, investir em conhecimentos sobre o assunto. Mas ele come\u00e7ou trabalhando nos cassinos de l\u00e1\u201d, lembra.<\/p>\n<p>H\u00e1 sete anos morando novamente no Brasil, o piloto vivia com a fam\u00edlia em Santa Luzia, na regi\u00e3o metropolitana de Belo Horizonte, e se sentia realizado na profiss\u00e3o. \u201cEra o que ele sempre quis fazer. E ele estava feliz, gostava muito de pilotar, e estava tendo sucesso na vida profissional\u201d, contou o irm\u00e3o.<\/p>\n<h4>Medo de estrada<\/h4>\n<p>\u201cMas o que ele tinha medo mesmo era de dirigir na estrada. Eu sempre tinha que pedir pra ele acelerar quando viaj\u00e1vamos de carro, porque ele ia bem devagar mesmo. Tamb\u00e9m, n\u00e9, com a situa\u00e7\u00e3o da estrada de Santa Luzia para Valadares, n\u00e3o \u00e9 para menos. Mas de voar, n\u00e3o. Ele gostava muito do que fazia, e dizia que o pior lugar em que j\u00e1 voou foi na Amaz\u00f4nia, por causa da baixa visibilidade ali\u201d, contou Eduardo.<\/p>\n<p>Visibilidade que, inclusive, pode ter prejudicado o piloto tamb\u00e9m no momento do acidente, segundo relata o irm\u00e3o. \u201c\u00c9 claro que ele era pressionado no trabalho, para cumprir hor\u00e1rios, pousar em locais pr\u00e9-determinados. Infelizmente, agenda de campanha \u00e9 assim, e ele era muito dedicado. Tinha diversos compromissos pol\u00edticos, estava viajando muito. A\u00ed eu fico pensando, se eles tivessem abortado o pouso naquela hora por causa das p\u00e9ssimas condi\u00e7\u00f5es clim\u00e1ticas de Santos, e tentassem pousar em outro local com condi\u00e7\u00f5es mais favor\u00e1veis, talvez ele estaria vivo uma hora dessas\u201d, lamenta Eduardo.<\/p>\n<p>O piloto Marcos Martins, outra das sete v\u00edtimas do acidente, chegou a postar dias antes da trag\u00e9dia, em uma rede social, sobre o alto volume de trabalho: \u201cCansada\u00e7o. Voar, voar e voar. E amanh\u00e3 tem mais\u201d, escreveu Martins.<\/p>\n<h4>Met\u00f3dico<\/h4>\n<p>Ainda de acordo com Eduardo Cunha, Magela era extremamente met\u00f3dico, principalmente, em seu trabalho. \u201cEle era muito organizado. Quando eu morei nos Estados Unidos, via ele arrumando a mala, e ficava abismado com o m\u00e9todo. E ele era assim com tudo, principalmente, dirigindo, sempre com calma. Tipo ex\u00e9rcito, sabe? At\u00e9 a roupa que ele ia trabalhar estava sempre impec\u00e1vel. Mas apesar da calma e da organiza\u00e7\u00e3o, ele tinha um temperamento forte e era brincalh\u00e3o\u201d, contou o irm\u00e3o.<\/p>\n<p>\u201cA gente fica vendo as not\u00edcias, e parece que os pilotos desviaram de um pr\u00e9dio residencial e tentaram passar no v\u00e3o entre os pr\u00e9dios para evitar que os moradores fossem atingidos. E eu n\u00e3o duvido que tenha sido assim, n\u00e3o, pois o procedimento entre eles \u00e9 este mesmo: em caso de acidentes, tentar salvar o maior n\u00famero de v\u00edtimas poss\u00edveis, mesmo que para isso seja preciso colocar a pr\u00f3pria vida em risco\u201d, disse.<\/p>\n<p>A fam\u00edlia ainda aguarda o resultado da per\u00edcia para determinar as causas do acidente. \u201cEst\u00e3o falando muitas coisas, inclusive em falha no equipamento. Mas eu duvido muito, o avi\u00e3o era de 2012, novo. Mas \u00e9 dif\u00edcil saber. Parece que, por estar em baixa altitude, a morte foi muito r\u00e1pida, ele nem deve ter visto que estava morrendo. A cabine em que eles estavam foi retirada de dentro da terra em uma profundidade de aproximadamente quatro metros\u201d, contou.<\/p>\n<h4>Sepultamento<\/h4>\n<p>Os restos mortais de Geraldo Magela Barbosa da Cunha ser\u00e3o sepultados em Governador Valadares, sua terra natal, e tamb\u00e9m ondem mora grande parte de sua fam\u00edlia. Contudo, ainda n\u00e3o \u00e9 poss\u00edvel saber quando.<\/p>\n<p>\u201cA \u00fanica certeza \u00e9 que ser\u00e1 aqui, em Valadares, mas n\u00e3o sabemos a hora, nem o dia. S\u00f3 vamos saber quando o corpo for liberado do Instituto M\u00e9dico Legal, mas ainda \u00e9 preciso confirmar  oficialmente o que j\u00e1 sabemos: que os restos mortais s\u00e3o dele. A per\u00edcia da Pol\u00edcia Federal em Belo Horizonte nos ligou pedindo o nosso endere\u00e7o, e dizendo que iriam vir aqui colher o meu material gen\u00e9tico e o da minha m\u00e3e, para poder comparar com o dele\u201d.<\/p>\n<p>Como \u00faltima mensagem sobre o irm\u00e3o, Eduardo acredita que Magela cumpriu sua miss\u00e3o na Terra. \u201cEle \u00e9 um guerreiro, lutou e trabalhou muito, cumpriu o compromisso dele na Terra como pai de fam\u00edlia, como irm\u00e3o, como filho, como amigo e como profissional. Todos n\u00f3s somos falhos, mas eu n\u00e3o tenho nada a dizer da pessoa dele neste sentido. Ele demonstrou o tempo todo profissionalismo e responsabilidade\u201d.<\/p>\n<p><strong><em>(Fonte: Jornal O Tempo)<\/em><\/strong><\/p>\n","protected":false},"excerpt":{"rendered":"<p>Piloto mineiro de Governador Valadares que morreu em acidente de avi\u00e3o esperava o segundo filho, uma menina, e estava feliz com o trabalho e a com a vida profissional, segundo o irm\u00e3o Calmo, correto e realizado. Essa \u00e9 a defini\u00e7\u00e3o de Eduardo Barbosa da Cunha, de 50 anos, para o irm\u00e3o ca\u00e7ula Geraldo Magela Barbosa [&hellip;]<\/p>\n","protected":false},"author":1,"featured_media":37384,"comment_status":"open","ping_status":"closed","sticky":false,"template":"","format":"standard","meta":{"amp_status":"","footnotes":""},"categories":[121],"tags":[13810,7630,13707,247,13809,13811],"class_list":["post-37383","post","type-post","status-publish","format-standard","has-post-thumbnail","hentry","category-leste","tag-eduardo-barbosa-da-cunha","tag-eduardo-campos","tag-geraldo-magela-barbosa-da-cunha","tag-governador-valadares","tag-piloto-de-governador-valadares-tinha-medo-era-de-dirigir-na-estrada","tag-piloto-do-aviao-que-morreu-no-acidente-com-eduardo-campos"],"_links":{"self":[{"href":"https:\/\/aconteceunovale.com.br\/portal\/index.php?rest_route=\/wp\/v2\/posts\/37383","targetHints":{"allow":["GET"]}}],"collection":[{"href":"https:\/\/aconteceunovale.com.br\/portal\/index.php?rest_route=\/wp\/v2\/posts"}],"about":[{"href":"https:\/\/aconteceunovale.com.br\/portal\/index.php?rest_route=\/wp\/v2\/types\/post"}],"author":[{"embeddable":true,"href":"https:\/\/aconteceunovale.com.br\/portal\/index.php?rest_route=\/wp\/v2\/users\/1"}],"replies":[{"embeddable":true,"href":"https:\/\/aconteceunovale.com.br\/portal\/index.php?rest_route=%2Fwp%2Fv2%2Fcomments&post=37383"}],"version-history":[{"count":0,"href":"https:\/\/aconteceunovale.com.br\/portal\/index.php?rest_route=\/wp\/v2\/posts\/37383\/revisions"}],"wp:featuredmedia":[{"embeddable":true,"href":"https:\/\/aconteceunovale.com.br\/portal\/index.php?rest_route=\/wp\/v2\/media\/37384"}],"wp:attachment":[{"href":"https:\/\/aconteceunovale.com.br\/portal\/index.php?rest_route=%2Fwp%2Fv2%2Fmedia&parent=37383"}],"wp:term":[{"taxonomy":"category","embeddable":true,"href":"https:\/\/aconteceunovale.com.br\/portal\/index.php?rest_route=%2Fwp%2Fv2%2Fcategories&post=37383"},{"taxonomy":"post_tag","embeddable":true,"href":"https:\/\/aconteceunovale.com.br\/portal\/index.php?rest_route=%2Fwp%2Fv2%2Ftags&post=37383"}],"curies":[{"name":"wp","href":"https:\/\/api.w.org\/{rel}","templated":true}]}}