{"id":37370,"date":"2014-08-14T17:33:25","date_gmt":"2014-08-14T20:33:25","guid":{"rendered":"http:\/\/aconteceunovale.com.br\/portal\/?p=37370"},"modified":"2014-08-14T17:33:25","modified_gmt":"2014-08-14T20:33:25","slug":"governo-federal-reconhece-situacao-de-emergencia-em-cidades-do-vale-do-jequitinhonha-e-norte-de-minas","status":"publish","type":"post","link":"https:\/\/aconteceunovale.com.br\/portal\/?p=37370","title":{"rendered":"Governo Federal reconhece situa\u00e7\u00e3o de emerg\u00eancia em cidades do Vale do Jequitinhonha e Norte de Minas"},"content":{"rendered":"<p>O governo federal reconheceu nesta quinta-feira (14), situa\u00e7\u00e3o de emerg\u00eancia em 12 munic\u00edpios da Bahia, Minas Gerais e Santa Catarina. Portaria da Secretaria Nacional de Prote\u00e7\u00e3o e Defesa Civil com essas decis\u00f5es foi publicada no Di\u00e1rio Oficial da Uni\u00e3o desta quinta-feira.<\/p>\n<p>Em Minas Gerais, est\u00e3o na lista as localidades de \u00c1guas Vermelhas, Chapada do Norte, Itamarandiba, Mamonas e S\u00e3o Francisco, por estiagem, e Taiobeiras, por vendaval. Na Bahia, foi reconhecida situa\u00e7\u00e3o de emerg\u00eancia nos munic\u00edpios de Andorinha, Cura\u00e7\u00e1 e Presidente Dutra, por causa da estiagem. Em Santa Catarina, foi reconhecida situa\u00e7\u00e3o de emerg\u00eancia em It\u00e1, Lacerd\u00f3polis e Quilombo, por problemas causados por chuvas intensas e enxurradas.<\/p>\n<p>Conforme o Minist\u00e9rio da Integra\u00e7\u00e3o Nacional, situa\u00e7\u00e3o de emerg\u00eancia \u00e9 caracterizada por uma situa\u00e7\u00e3o anormal, decretada em raz\u00e3o de desastre que, embora n\u00e3o excedendo a capacidade inicial de resposta do munic\u00edpio ou do Estado atingido, requer aux\u00edlio complementar do Estado ou da Uni\u00e3o para as a\u00e7\u00f5es de socorro e de recupera\u00e7\u00e3o.<\/p>\n<p>Tamb\u00e9m foi autorizado nesta quinta o empenho e a transfer\u00eancia federal de R$ 366 mil para a\u00e7\u00f5es de Defesa Civil no munic\u00edpio de Ipanema, em Minas Gerais. O dinheiro dever\u00e1 ser aplicado na execu\u00e7\u00e3o de obras de reconstru\u00e7\u00e3o de danos causados por chuvas.<\/p>\n<p><img decoding=\"async\" src=\"http:\/\/aconteceunovale.com.br\/portal\/wp-content\/uploads\/2014\/06\/tempestade_taiobeiras_novas_fotos_4.jpg\" alt=\"\" \/><em>(Vendaval causou destrui\u00e7\u00e3o em Taiobeiras &#8211; Fotos: Reprodu\u00e7\u00e3o\/Facebook)<\/em><\/p>\n","protected":false},"excerpt":{"rendered":"<p>O governo federal reconheceu nesta quinta-feira (14), situa\u00e7\u00e3o de emerg\u00eancia em 12 munic\u00edpios da Bahia, Minas Gerais e Santa Catarina. Portaria da Secretaria Nacional de Prote\u00e7\u00e3o e Defesa Civil com essas decis\u00f5es foi publicada no Di\u00e1rio Oficial da Uni\u00e3o desta quinta-feira. Em Minas Gerais, est\u00e3o na lista as localidades de \u00c1guas Vermelhas, Chapada do Norte, [&hellip;]<\/p>\n","protected":false},"author":1,"featured_media":31009,"comment_status":"open","ping_status":"closed","sticky":false,"template":"","format":"standard","meta":{"amp_status":"","footnotes":""},"categories":[123],"tags":[4202,13794,481,13795,13800,13797,149,13798,13793,13796,13799,419],"class_list":["post-37370","post","type-post","status-publish","format-standard","has-post-thumbnail","hentry","category-gerais","tag-aguas-vermelhas","tag-andorinha","tag-chapada-do-norte","tag-curaca","tag-governo-federal-reconhece-situacao-de-emergencia-em-cidades-do-vale-do-jequitinhonha-e-norte-de-minas","tag-ita","tag-itamarandiba","tag-lacerdopolis","tag-mamonas-e-sao-francisco","tag-presidente-dutra","tag-quilombo","tag-taiobeiras"],"_links":{"self":[{"href":"https:\/\/aconteceunovale.com.br\/portal\/index.php?rest_route=\/wp\/v2\/posts\/37370","targetHints":{"allow":["GET"]}}],"collection":[{"href":"https:\/\/aconteceunovale.com.br\/portal\/index.php?rest_route=\/wp\/v2\/posts"}],"about":[{"href":"https:\/\/aconteceunovale.com.br\/portal\/index.php?rest_route=\/wp\/v2\/types\/post"}],"author":[{"embeddable":true,"href":"https:\/\/aconteceunovale.com.br\/portal\/index.php?rest_route=\/wp\/v2\/users\/1"}],"replies":[{"embeddable":true,"href":"https:\/\/aconteceunovale.com.br\/portal\/index.php?rest_route=%2Fwp%2Fv2%2Fcomments&post=37370"}],"version-history":[{"count":0,"href":"https:\/\/aconteceunovale.com.br\/portal\/index.php?rest_route=\/wp\/v2\/posts\/37370\/revisions"}],"wp:featuredmedia":[{"embeddable":true,"href":"https:\/\/aconteceunovale.com.br\/portal\/index.php?rest_route=\/wp\/v2\/media\/31009"}],"wp:attachment":[{"href":"https:\/\/aconteceunovale.com.br\/portal\/index.php?rest_route=%2Fwp%2Fv2%2Fmedia&parent=37370"}],"wp:term":[{"taxonomy":"category","embeddable":true,"href":"https:\/\/aconteceunovale.com.br\/portal\/index.php?rest_route=%2Fwp%2Fv2%2Fcategories&post=37370"},{"taxonomy":"post_tag","embeddable":true,"href":"https:\/\/aconteceunovale.com.br\/portal\/index.php?rest_route=%2Fwp%2Fv2%2Ftags&post=37370"}],"curies":[{"name":"wp","href":"https:\/\/api.w.org\/{rel}","templated":true}]}}