{"id":37355,"date":"2014-08-14T16:39:31","date_gmt":"2014-08-14T19:39:31","guid":{"rendered":"http:\/\/aconteceunovale.com.br\/portal\/?p=37355"},"modified":"2014-08-14T16:39:31","modified_gmt":"2014-08-14T19:39:31","slug":"produtor-de-cachaca-acusado-de-crimes-sexuais-ja-esta-no-presidio-de-pedra-azul","status":"publish","type":"post","link":"https:\/\/aconteceunovale.com.br\/portal\/?p=37355","title":{"rendered":"Produtor de cacha\u00e7a acusado de crimes sexuais j\u00e1 est\u00e1 no pres\u00eddio de Pedra Azul"},"content":{"rendered":"<p><em><\/p>\n<h3><strong>Adolescentes acusam o empres\u00e1rio de crimes sexuais. Ele est\u00e1 preso no Pres\u00eddio de Pedra Azul<\/strong><\/h3>\n<p><\/em><\/p>\n<p>[image src=&#8221;http:\/\/aconteceunovale.com.br\/portal\/wp-content\/uploads\/2014\/08\/reportagem_nova_toni_rodrigues_11.jpg&#8221; width=&#8221;280&#8243; height=&#8221;317&#8243; lightbox=&#8221;yes&#8221; align=&#8221;left&#8221; float=&#8221;left&#8221;]<\/p>\n<p>O empres\u00e1rio Ant\u00f4nio Eust\u00e1quio Rodrigues, de 64 anos, conhecido como o &#8220;Rei da Cacha\u00e7a&#8221;, acusado de tentativa de homic\u00eddio e crimes sexuais, j\u00e1 est\u00e1 no Pres\u00eddio de Pedra Azul de Pedra Azul, no Vale do Jequitinhonha. <a href=\"http:\/\/aconteceunovale.com.br\/portal\/?p=37123\" target=\"_blank\">Ele foi preso durante a opera\u00e7\u00e3o \u201cPapai Noel\u201d da Pol\u00edcia Civil na tarde de ter\u00e7a-feira, 12 de agosto, em seu escrit\u00f3rio, na cidade de Salinas, no Norte de Minas<\/a>.<\/p>\n<p>Na ter\u00e7a-feira, Rodrigues prestou depoimento por mais de duas horas na Delegacia de Salinas e depois foi encaminhado para a Delegacia P\u00fablica da cidade, onde passou a noite em Salinas, em uma cela comum, de 4 metros quadrados, com um sanit\u00e1rio e um colch\u00e3o. O preso foi transferido na manh\u00e3 de quarta-feira (14) para a cadeia p\u00fablica de Pedra Azul.<\/p>\n<p>Nesta quinta-feira (15), o delegado respons\u00e1vel pelas investiga\u00e7\u00f5es, Jos\u00e9 Eduardo dos Santos, dever\u00e1 apresentar detalhes da investiga\u00e7\u00e3o. O Minist\u00e9rio P\u00fablico e o Conselho Tutelar de Salinas ainda n\u00e3o se pronunciaram sobre as acusa\u00e7\u00f5es de envolvimento do empres\u00e1rio com menores de idade.<\/p>\n<h4><strong>Adolescentes dizem que sentem nojo e medo do empres\u00e1rio<\/strong><\/h4>\n<p>Os jovens de 14 e 15 anos, que denunciaram o empres\u00e1rio ao Conselho Tutelar de Salinas revelam que tem nojo e medo dele. A adolescente, mais velha, conta que ela e o amigo da escola foram assediados por Ant\u00f4nio Rodrigues.<\/p>\n<p><em>\u201cEu sinto medo dele. Eu sinto nojo dele. Quando ele passava na rua eu abaixava a cabe\u00e7a para n\u00e3o olhar para ele\u201d<\/em>, afirma a garota.<\/p>\n<p><img decoding=\"async\" src=\"http:\/\/aconteceunovale.com.br\/portal\/wp-content\/uploads\/2014\/08\/reportagem_nova_toni_rodrigues_2.jpg\" alt=\"\" \/><em>(Adolescentes dizem ter nojo e medo do empres\u00e1rio &#8211; Foto: Record Minas\/Reprodu\u00e7\u00e3o)<\/em><br \/>\n<\/br><\/p>\n<p>O menino relata que os dois foram abordados quando faziam compras para a m\u00e3e da menor. <em>\u201cA m\u00e3e da minha amiga pediu para gente ir na rua fazer umas compras para ela. Foi quando ele parou e pediu para gente dar uma volta na fazenda que ele tinha. A\u00ed que aconteceu, ele praticou ato sexual comigo e com ela.\u201d<\/em><\/p>\n<p>Os dois s\u00e3o moradores de um bairro carente de Salinas. De acordo com a m\u00e3e do garoto, o &#8220;Rei da Cacha\u00e7a&#8221; passou a presentear o filho dela, mas n\u00e3o levantou suspeitas. <em>\u201cPresenteava meu filho. Deu um celular novo para ele, na minha vista. Mas como estava dando para todo mundo, n\u00e3o dava para desconfiar.\u201d<\/em><\/p>\n<p>O delegado respons\u00e1vel pelo caso, Jos\u00e9 Eduardo dos Santos, acredita que mais v\u00edtimas podem denunciar o empres\u00e1rio. <em>\u201cTalvez com a pris\u00e3o dele, novas v\u00edtimas se encorajem a denunciar algum fato relevante.\u201d<\/em><\/p>\n<p><img decoding=\"async\" src=\"http:\/\/aconteceunovale.com.br\/portal\/wp-content\/uploads\/2014\/08\/reportagem_nova_toni_rodrigues_3.jpg\" alt=\"\" \/><em>(M\u00e3e do garoto diz que n\u00e3o desconfiava do autor &#8211; Foto: Record Minas\/Reprodu\u00e7\u00e3o)<\/em><\/p>\n","protected":false},"excerpt":{"rendered":"<p>Adolescentes acusam o empres\u00e1rio de crimes sexuais. Ele est\u00e1 preso no Pres\u00eddio de Pedra Azul [image src=&#8221;http:\/\/aconteceunovale.com.br\/portal\/wp-content\/uploads\/2014\/08\/reportagem_nova_toni_rodrigues_11.jpg&#8221; width=&#8221;280&#8243; height=&#8221;317&#8243; lightbox=&#8221;yes&#8221; align=&#8221;left&#8221; float=&#8221;left&#8221;] O empres\u00e1rio Ant\u00f4nio Eust\u00e1quio Rodrigues, de 64 anos, conhecido como o &#8220;Rei da Cacha\u00e7a&#8221;, acusado de tentativa de homic\u00eddio e crimes sexuais, j\u00e1 est\u00e1 no Pres\u00eddio de Pedra Azul de Pedra Azul, no [&hellip;]<\/p>\n","protected":false},"author":1,"featured_media":37359,"comment_status":"open","ping_status":"closed","sticky":false,"template":"","format":"standard","meta":{"amp_status":"","footnotes":""},"categories":[1236],"tags":[13785,455,13784,13786,13564,190,13567],"class_list":["post-37355","post","type-post","status-publish","format-standard","has-post-thumbnail","hentry","category-norte_de_minas","tag-antonio-eustaquio-rodrigues","tag-pedra-azul","tag-presidio-de-pedra-azul","tag-produtor-de-cachaca-acusado-de-crimes-sexuais-ja-esta-no-presidio-de-pedra-azul","tag-rei-da-cachaca","tag-salinas","tag-toni-rodrigues"],"_links":{"self":[{"href":"https:\/\/aconteceunovale.com.br\/portal\/index.php?rest_route=\/wp\/v2\/posts\/37355","targetHints":{"allow":["GET"]}}],"collection":[{"href":"https:\/\/aconteceunovale.com.br\/portal\/index.php?rest_route=\/wp\/v2\/posts"}],"about":[{"href":"https:\/\/aconteceunovale.com.br\/portal\/index.php?rest_route=\/wp\/v2\/types\/post"}],"author":[{"embeddable":true,"href":"https:\/\/aconteceunovale.com.br\/portal\/index.php?rest_route=\/wp\/v2\/users\/1"}],"replies":[{"embeddable":true,"href":"https:\/\/aconteceunovale.com.br\/portal\/index.php?rest_route=%2Fwp%2Fv2%2Fcomments&post=37355"}],"version-history":[{"count":0,"href":"https:\/\/aconteceunovale.com.br\/portal\/index.php?rest_route=\/wp\/v2\/posts\/37355\/revisions"}],"wp:featuredmedia":[{"embeddable":true,"href":"https:\/\/aconteceunovale.com.br\/portal\/index.php?rest_route=\/wp\/v2\/media\/37359"}],"wp:attachment":[{"href":"https:\/\/aconteceunovale.com.br\/portal\/index.php?rest_route=%2Fwp%2Fv2%2Fmedia&parent=37355"}],"wp:term":[{"taxonomy":"category","embeddable":true,"href":"https:\/\/aconteceunovale.com.br\/portal\/index.php?rest_route=%2Fwp%2Fv2%2Fcategories&post=37355"},{"taxonomy":"post_tag","embeddable":true,"href":"https:\/\/aconteceunovale.com.br\/portal\/index.php?rest_route=%2Fwp%2Fv2%2Ftags&post=37355"}],"curies":[{"name":"wp","href":"https:\/\/api.w.org\/{rel}","templated":true}]}}