{"id":37348,"date":"2014-08-14T15:14:33","date_gmt":"2014-08-14T18:14:33","guid":{"rendered":"http:\/\/aconteceunovale.com.br\/portal\/?p=37348"},"modified":"2014-08-14T15:14:33","modified_gmt":"2014-08-14T18:14:33","slug":"pedofilo-que-abusava-de-menino-de-6-anos-e-preso-em-olhos-dagua-no-norte-de-minas","status":"publish","type":"post","link":"https:\/\/aconteceunovale.com.br\/portal\/?p=37348","title":{"rendered":"Ped\u00f3filo que abusava de menino de 6 anos \u00e9 preso em Olhos D\u2019\u00c1gua, no Norte de Minas"},"content":{"rendered":"<h4><em><strong>Segundo a Pol\u00edcia Civil menino foi abusado tr\u00eas vezes neste ano. No 1\u00ba abuso, crian\u00e7a foi atra\u00edda para a casa dele com uma flauta.<\/strong><\/em><\/h4>\n<p>A Pol\u00edcia Civil prendeu nesta quinta-feira (14) um homem de 47 anos suspeito de abusar sexualmente de um menino de seis, em Olhos D&#8217;\u00c1gua, no Norte de Minas Gerais. Pedro Ferreira foi preso em casa, no Bairro Bela Vista. Ele n\u00e3o tinha nenhuma passagem pela pol\u00edcia.<\/p>\n<p>Segundo o delegado Leonardo Diniz, o primeiro estupro aconteceu em mar\u00e7o deste ano, pouco tempo depois mais dois foram cometidos. &#8220;Ele aproveitou que fazia parte do conv\u00edvio da fam\u00edlia para abusar da crian\u00e7a, sem levantar suspeitas. Na primeira vez, atraiu a v\u00edtima para dentro da casa dele dizendo que iria lhe dar uma flauta, nas demais agiu com brutalidade para que a crian\u00e7a fosse at\u00e9 l\u00e1.&#8221;<\/p>\n<p><img decoding=\"async\" src=\"http:\/\/aconteceunovale.com.br\/portal\/wp-content\/uploads\/2014\/08\/pedofilo_olhos_dagua.jpg\" alt=\"\" \/><em>Justi\u00e7a expediu mandado de pris\u00e3o preventiva contra Pedro Ferreira (Foto: Michelly Oda \/ G1)<\/em><br \/>\n<\/br><\/p>\n<p>A m\u00e3e do garoto, que prefere n\u00e3o ser identificada, conta que o filho estava agressivo e ficava o tempo jogando v\u00eddeo game, sem querer brincar com outras crian\u00e7as, como era de costume. Ele tamb\u00e9m come\u00e7ou a se desinteressar pela escola e a agir de forma agressiva com outras pessoas.<\/p>\n<p>&#8220;Ele me conheceu quando eu ainda estava gr\u00e1vida. Morava aqui desde 2008. Me revolto porque ele frequentava a minha casa e dizia que queria ser padrinho de batismo do meu filho.&#8221;<\/p>\n<p>O menino contou para o irm\u00e3o de 11 anos que tinha sofrido os abusos. Um tio tamb\u00e9m ficou sabendo e foi procurar pelo suspeito. &#8220;Eu o encontrei em um bar e contei o que meu sobrinho disse, fomos os tr\u00eas at\u00e9 a casa dele, onde o menino descrevia tudo o que tinha acontecido, imediatamente chamei a pol\u00edcia&#8221;, fala o tio que tamb\u00e9m n\u00e3o quer ser identificado.<\/p>\n<p>Al\u00e9m disto, o menino tamb\u00e9m queixava de dores e coceiras nas partes \u00edntimas. A fam\u00edlia procurou por um m\u00e9dico que atestou que poderia ter sido v\u00edtima de abusos, pois a crian\u00e7a apresentava um quadro de infec\u00e7\u00e3o no reto.<\/p>\n<p>O delegado Adalberto Fernandes destaca a necessidade de que a popula\u00e7\u00e3o denuncie casos deste tipo para a pol\u00edcia. &#8220;As pessoas podem ligar para o 190 e o 181, o anonimato \u00e9 garantido. Pedimos para que as pessoas nos comuniquem para que os crimes sejam investigados, mas tamb\u00e9m ressaltamos que falsas den\u00fancias atrapalham o trabalho da pol\u00edcia.&#8221;<\/p>\n<p>Segundo a Pol\u00edcia Civil, Pedro Ferreira negou as acusa\u00e7\u00f5es e disse que faz tratamento contra alcoolismo. Ele pode responder por estupro de vulner\u00e1vel e a pena pode variar de oito a 15 anos de pris\u00e3o por cada abuso cometido. A inten\u00e7\u00e3o dos delegados \u00e9 que ele fique preso.<\/p>\n<p><strong><em>(Inter TV Grande Minas)<\/em><\/strong><\/p>\n","protected":false},"excerpt":{"rendered":"<p>Segundo a Pol\u00edcia Civil menino foi abusado tr\u00eas vezes neste ano. No 1\u00ba abuso, crian\u00e7a foi atra\u00edda para a casa dele com uma flauta. A Pol\u00edcia Civil prendeu nesta quinta-feira (14) um homem de 47 anos suspeito de abusar sexualmente de um menino de seis, em Olhos D&#8217;\u00c1gua, no Norte de Minas Gerais. Pedro Ferreira [&hellip;]<\/p>\n","protected":false},"author":1,"featured_media":37349,"comment_status":"open","ping_status":"closed","sticky":false,"template":"","format":"standard","meta":{"amp_status":"","footnotes":""},"categories":[1236],"tags":[1018,973,13782,13781,13783],"class_list":["post-37348","post","type-post","status-publish","format-standard","has-post-thumbnail","hentry","category-norte_de_minas","tag-destaque","tag-olhos-dagua","tag-pedofilo-que-abusava-de-menino-de-6-anos-e-preso-em-olhos-dagua-no-norte-de-minas","tag-pedofilo-que-abusava-de-menino-de-6-anos-e-preso-pela-policia-civil-em-olhos-dagua","tag-pedro-ferreira"],"_links":{"self":[{"href":"https:\/\/aconteceunovale.com.br\/portal\/index.php?rest_route=\/wp\/v2\/posts\/37348","targetHints":{"allow":["GET"]}}],"collection":[{"href":"https:\/\/aconteceunovale.com.br\/portal\/index.php?rest_route=\/wp\/v2\/posts"}],"about":[{"href":"https:\/\/aconteceunovale.com.br\/portal\/index.php?rest_route=\/wp\/v2\/types\/post"}],"author":[{"embeddable":true,"href":"https:\/\/aconteceunovale.com.br\/portal\/index.php?rest_route=\/wp\/v2\/users\/1"}],"replies":[{"embeddable":true,"href":"https:\/\/aconteceunovale.com.br\/portal\/index.php?rest_route=%2Fwp%2Fv2%2Fcomments&post=37348"}],"version-history":[{"count":0,"href":"https:\/\/aconteceunovale.com.br\/portal\/index.php?rest_route=\/wp\/v2\/posts\/37348\/revisions"}],"wp:featuredmedia":[{"embeddable":true,"href":"https:\/\/aconteceunovale.com.br\/portal\/index.php?rest_route=\/wp\/v2\/media\/37349"}],"wp:attachment":[{"href":"https:\/\/aconteceunovale.com.br\/portal\/index.php?rest_route=%2Fwp%2Fv2%2Fmedia&parent=37348"}],"wp:term":[{"taxonomy":"category","embeddable":true,"href":"https:\/\/aconteceunovale.com.br\/portal\/index.php?rest_route=%2Fwp%2Fv2%2Fcategories&post=37348"},{"taxonomy":"post_tag","embeddable":true,"href":"https:\/\/aconteceunovale.com.br\/portal\/index.php?rest_route=%2Fwp%2Fv2%2Ftags&post=37348"}],"curies":[{"name":"wp","href":"https:\/\/api.w.org\/{rel}","templated":true}]}}