{"id":37345,"date":"2014-08-14T15:05:41","date_gmt":"2014-08-14T18:05:41","guid":{"rendered":"http:\/\/aconteceunovale.com.br\/portal\/?p=37345"},"modified":"2014-08-14T15:21:31","modified_gmt":"2014-08-14T18:21:31","slug":"vereador-suspeito-de-roubo-de-gado-e-preso-por-porte-ilegal-de-arma-de-fogo-no-leste-de-minas","status":"publish","type":"post","link":"https:\/\/aconteceunovale.com.br\/portal\/?p=37345","title":{"rendered":"Vereador suspeito de roubo de gado \u00e9 preso por porte ilegal de arma de fogo no Leste de Minas"},"content":{"rendered":"<h4><strong>Arma e muni\u00e7\u00e3o foram encontradas no carro de Maur\u00edcio Oliveira. Pol\u00edcia apura a participa\u00e7\u00e3o do vereador em roubo de gado.<\/strong><\/h4>\n<p>[image src=&#8221;http:\/\/aconteceunovale.com.br\/portal\/wp-content\/uploads\/2014\/08\/vereador_corrego_novo.jpg&#8221; width=&#8221;161&#8243; height=&#8221;225&#8243; lightbox=&#8221;yes&#8221; align=&#8221;left&#8221; float=&#8221;right&#8221;]<\/p>\n<p>O vereador de C\u00f3rrego Novo, no leste de Minas Gerais, Maur\u00edcio Rocha de Oliveira, foi preso na madrugada desta quinta-feira (14) por porte ilegal de arma. Ele tamb\u00e9m \u00e9 suspeito de envolvimento em roubo de gado.<\/p>\n<p>De acordo com a Pol\u00edcia Militar, o parlamentar estava em seu carro quando foi abordado. Dentro do ve\u00edculo, a pol\u00edcia encontrou um rev\u00f3lver calibre 38 escondido debaixo do cap\u00f4 e cartuchos de bala dentro de um ma\u00e7o de cigarros.<\/p>\n<p>Durante a ocorr\u00eancia, a PM recebeu den\u00fancias an\u00f4nimas sobre dois caminh\u00f5es carregados com 37 cabe\u00e7as de gado que seriam roubadas. Segundo a pol\u00edcia, o vereador \u00e9 suspeito de envolvimento com o roubo da carga.<\/p>\n<p>Maur\u00edcio Rocha e dois outros homens foram presos e encaminhados para delegacia de Ipanema. Durante a abordagem policial, o motorista de um dos caminh\u00f5es fugiu.<\/p>\n<p><img decoding=\"async\" alt=\"\" src=\"http:\/\/aconteceunovale.com.br\/portal\/wp-content\/uploads\/2014\/08\/gado_roubado.jpg\" \/><em>(Vereador \u00e9 suspeito de roubar 37 cabe\u00e7as de gado &#8211; Foto: Super Canal)<\/em><br \/>\n<\/br><\/p>\n<p><em><strong>(Inter TV dos Vales)<\/strong><\/em><\/p>\n","protected":false},"excerpt":{"rendered":"<p>Arma e muni\u00e7\u00e3o foram encontradas no carro de Maur\u00edcio Oliveira. Pol\u00edcia apura a participa\u00e7\u00e3o do vereador em roubo de gado. [image src=&#8221;http:\/\/aconteceunovale.com.br\/portal\/wp-content\/uploads\/2014\/08\/vereador_corrego_novo.jpg&#8221; width=&#8221;161&#8243; height=&#8221;225&#8243; lightbox=&#8221;yes&#8221; align=&#8221;left&#8221; float=&#8221;right&#8221;] O vereador de C\u00f3rrego Novo, no leste de Minas Gerais, Maur\u00edcio Rocha de Oliveira, foi preso na madrugada desta quinta-feira (14) por porte ilegal de arma. Ele tamb\u00e9m [&hellip;]<\/p>\n","protected":false},"author":1,"featured_media":37346,"comment_status":"open","ping_status":"closed","sticky":false,"template":"","format":"standard","meta":{"amp_status":"","footnotes":""},"categories":[121],"tags":[4678,13779,13777,13780,13778,13776,13775],"class_list":["post-37345","post","type-post","status-publish","format-standard","has-post-thumbnail","hentry","category-leste","tag-corrego-novo","tag-mauricio-rocha-de-oliveira","tag-nego-do-alcides","tag-verador-mauricio-rocha-de-oliveira","tag-vereador-nego-do-alcides","tag-vereador-suspeito-de-roubo-de-gado-e-preso-por-porte-ilegal-de-arma-de-fogo-em-corrego-novo","tag-vereador-suspeito-de-roubo-de-gado-e-preso-por-porte-ilegal-de-arma-de-fogo-no-leste-de-minas"],"_links":{"self":[{"href":"https:\/\/aconteceunovale.com.br\/portal\/index.php?rest_route=\/wp\/v2\/posts\/37345","targetHints":{"allow":["GET"]}}],"collection":[{"href":"https:\/\/aconteceunovale.com.br\/portal\/index.php?rest_route=\/wp\/v2\/posts"}],"about":[{"href":"https:\/\/aconteceunovale.com.br\/portal\/index.php?rest_route=\/wp\/v2\/types\/post"}],"author":[{"embeddable":true,"href":"https:\/\/aconteceunovale.com.br\/portal\/index.php?rest_route=\/wp\/v2\/users\/1"}],"replies":[{"embeddable":true,"href":"https:\/\/aconteceunovale.com.br\/portal\/index.php?rest_route=%2Fwp%2Fv2%2Fcomments&post=37345"}],"version-history":[{"count":0,"href":"https:\/\/aconteceunovale.com.br\/portal\/index.php?rest_route=\/wp\/v2\/posts\/37345\/revisions"}],"wp:featuredmedia":[{"embeddable":true,"href":"https:\/\/aconteceunovale.com.br\/portal\/index.php?rest_route=\/wp\/v2\/media\/37346"}],"wp:attachment":[{"href":"https:\/\/aconteceunovale.com.br\/portal\/index.php?rest_route=%2Fwp%2Fv2%2Fmedia&parent=37345"}],"wp:term":[{"taxonomy":"category","embeddable":true,"href":"https:\/\/aconteceunovale.com.br\/portal\/index.php?rest_route=%2Fwp%2Fv2%2Fcategories&post=37345"},{"taxonomy":"post_tag","embeddable":true,"href":"https:\/\/aconteceunovale.com.br\/portal\/index.php?rest_route=%2Fwp%2Fv2%2Ftags&post=37345"}],"curies":[{"name":"wp","href":"https:\/\/api.w.org\/{rel}","templated":true}]}}