{"id":37342,"date":"2014-08-14T14:51:55","date_gmt":"2014-08-14T17:51:55","guid":{"rendered":"http:\/\/aconteceunovale.com.br\/portal\/?p=37342"},"modified":"2014-08-14T14:51:55","modified_gmt":"2014-08-14T17:51:55","slug":"corpo-encontrado-no-rio-aracuai-ainda-nao-foi-identificado-pela-policia","status":"publish","type":"post","link":"https:\/\/aconteceunovale.com.br\/portal\/?p=37342","title":{"rendered":"Corpo encontrado no Rio Ara\u00e7ua\u00ed ainda n\u00e3o foi identificado pela Pol\u00edcia"},"content":{"rendered":"<p>A Pol\u00edcia aguarda o resultado dos exames da per\u00edcia do Instituto M\u00e9dico Legal para determinar a identidade de um homem encontrado morto na tarde de quarta-feira (13) \u00e0s margens do rio Ara\u00e7ua\u00ed, pr\u00f3ximo \u00e0 fazenda Mateus, em Ara\u00e7ua\u00ed, no Vale do Jequitinhonha. O corpo foi encontrado por um funcion\u00e1rio da A\u00e7\u00e3o Social Santo Ant\u00f4nio, entidade assistencial localizada nas proximidades do rio.<\/p>\n<p>A Pol\u00edcia Militar foi acionada e segundo informa\u00e7\u00f5es, o homem aparenta ter entre 20 a 25 anos. Ele vestia uma bermuda preta, camisa preta estampada e n\u00e3o portava documentos.<\/p>\n<p>A per\u00edcia da Pol\u00edcia Civil de Pedra Azul esteve no local, coletou as digitais do homem e liberou o corpo para o IML de Itaobim, a 72 km de Ara\u00e7ua\u00ed.<\/p>\n<p>Ainda segundo a Pol\u00edcia Militar, o corpo apresentava estado avan\u00e7ado de decomposi\u00e7\u00e3o e estava sendo levado pela correnteza do rio. Tanto a Pol\u00edcia Civil, quanto a Pol\u00edcia Militar, n\u00e3o registraram nenhuma ocorr\u00eancia de desaparecimento de pessoas na regi\u00e3o nos \u00faltimos dias.<\/p>\n<p><img decoding=\"async\" src=\"http:\/\/aconteceunovale.com.br\/portal\/wp-content\/uploads\/2014\/08\/corpo_encontrado_ara_14_8.jpg\" alt=\"\" \/><em>O corpo foi encontrado \u00e0s margens do rio Ara\u00e7ua\u00ed, pr\u00f3ximo \u00e0 A\u00e7\u00e3o Social Santo Ant\u00f4nio \u2013 Foto: Ilustrativa<\/em><br \/>\n<\/br><\/p>\n<p><strong><em>(Fonte: Gazeta de Ara\u00e7ua\u00ed)<\/em><\/strong><\/p>\n","protected":false},"excerpt":{"rendered":"<p>A Pol\u00edcia aguarda o resultado dos exames da per\u00edcia do Instituto M\u00e9dico Legal para determinar a identidade de um homem encontrado morto na tarde de quarta-feira (13) \u00e0s margens do rio Ara\u00e7ua\u00ed, pr\u00f3ximo \u00e0 fazenda Mateus, em Ara\u00e7ua\u00ed, no Vale do Jequitinhonha. O corpo foi encontrado por um funcion\u00e1rio da A\u00e7\u00e3o Social Santo Ant\u00f4nio, entidade [&hellip;]<\/p>\n","protected":false},"author":1,"featured_media":37343,"comment_status":"open","ping_status":"closed","sticky":false,"template":"","format":"standard","meta":{"amp_status":"","footnotes":""},"categories":[120],"tags":[186,13774,391,455],"class_list":["post-37342","post","type-post","status-publish","format-standard","has-post-thumbnail","hentry","category-jequi","tag-aracuai","tag-corpo-encontrado-no-rio-aracuai-ainda-nao-foi-identificado-pela-policia","tag-itaobim","tag-pedra-azul"],"_links":{"self":[{"href":"https:\/\/aconteceunovale.com.br\/portal\/index.php?rest_route=\/wp\/v2\/posts\/37342","targetHints":{"allow":["GET"]}}],"collection":[{"href":"https:\/\/aconteceunovale.com.br\/portal\/index.php?rest_route=\/wp\/v2\/posts"}],"about":[{"href":"https:\/\/aconteceunovale.com.br\/portal\/index.php?rest_route=\/wp\/v2\/types\/post"}],"author":[{"embeddable":true,"href":"https:\/\/aconteceunovale.com.br\/portal\/index.php?rest_route=\/wp\/v2\/users\/1"}],"replies":[{"embeddable":true,"href":"https:\/\/aconteceunovale.com.br\/portal\/index.php?rest_route=%2Fwp%2Fv2%2Fcomments&post=37342"}],"version-history":[{"count":0,"href":"https:\/\/aconteceunovale.com.br\/portal\/index.php?rest_route=\/wp\/v2\/posts\/37342\/revisions"}],"wp:featuredmedia":[{"embeddable":true,"href":"https:\/\/aconteceunovale.com.br\/portal\/index.php?rest_route=\/wp\/v2\/media\/37343"}],"wp:attachment":[{"href":"https:\/\/aconteceunovale.com.br\/portal\/index.php?rest_route=%2Fwp%2Fv2%2Fmedia&parent=37342"}],"wp:term":[{"taxonomy":"category","embeddable":true,"href":"https:\/\/aconteceunovale.com.br\/portal\/index.php?rest_route=%2Fwp%2Fv2%2Fcategories&post=37342"},{"taxonomy":"post_tag","embeddable":true,"href":"https:\/\/aconteceunovale.com.br\/portal\/index.php?rest_route=%2Fwp%2Fv2%2Ftags&post=37342"}],"curies":[{"name":"wp","href":"https:\/\/api.w.org\/{rel}","templated":true}]}}