{"id":37336,"date":"2014-08-14T14:25:55","date_gmt":"2014-08-14T17:25:55","guid":{"rendered":"http:\/\/aconteceunovale.com.br\/portal\/?p=37336"},"modified":"2014-08-14T14:25:55","modified_gmt":"2014-08-14T17:25:55","slug":"policia-militar-apreende-cerca-de-5-quilos-de-drogas-em-montes-claros","status":"publish","type":"post","link":"https:\/\/aconteceunovale.com.br\/portal\/?p=37336","title":{"rendered":"Pol\u00edcia Militar apreende cerca de 5 quilos de drogas em Montes Claros"},"content":{"rendered":"<p>Um jovem de 24 anos, com duas passagens pela pol\u00edcia, foi preso suspeito de tr\u00e1fico de drogas em Montes Claros, no Norte de Minas, nessa quarta-feira (13). Com ele, foram apreendidos cerca de 5 kg de drogas, entre crack, coca\u00edna e maconha.<\/p>\n<p>A Pol\u00edcia Militar (PM) recebeu uma den\u00fancia de que L.N.S., conhecido como &#8220;L\u00ea&#8221;, estaria traficando na Vila S\u00e3o Francisco de Assis. A partir da\u00ed, os militares come\u00e7aram a monitorar o beco Jo\u00e3o de Barro, e avistaram quando o suspeito e outros companheiros realizavam escava\u00e7\u00f5es. Depois disso, ele teria ido para casa.<\/p>\n<p>Os policiais abordaram &#8220;L\u00ea&#8221; na resid\u00eancia dele. Durante as buscas, encontraram no telhado de um banheiro uma balan\u00e7a de precis\u00e3o e uma pedra bruta de crack. No quintal, foram achados quatro tabletes grandes e sete pedras grandes de crack, um tablete de pasta base de coca\u00edna, um pequeno tablete de maconha e uma bala calibre 40, enterrados.<\/p>\n<p>Ainda, foram apreendidos R$ 1.165, uma corrente dourada de proced\u00eancia duvidosa e um celular com contatos de indiv\u00edduos conhecidos pelo envolvimento em crimes. &#8220;L\u00ea&#8221; que j\u00e1 tinha uma passagem pela pol\u00edcia por porte ilegal e outra por tr\u00e1fico, n\u00e3o confessou o crime. Ele foi conduzido para delegacia, junto com os produtos apreendidos.<\/p>\n<p><img decoding=\"async\" src=\"http:\/\/aconteceunovale.com.br\/portal\/wp-content\/uploads\/2014\/08\/apreensao_moc_13_8.jpg\" alt=\"\" \/><em>Foram apreendidos cerca de 5 kg de drogas, entre crack, coca\u00edna e maconha &#8211; Foto: Pol\u00edcia Militar<\/em><br \/>\n<\/br><\/p>\n<p><strong><em>(O Tempo \/ PMMG)<\/em><\/strong><\/p>\n","protected":false},"excerpt":{"rendered":"<p>Um jovem de 24 anos, com duas passagens pela pol\u00edcia, foi preso suspeito de tr\u00e1fico de drogas em Montes Claros, no Norte de Minas, nessa quarta-feira (13). Com ele, foram apreendidos cerca de 5 kg de drogas, entre crack, coca\u00edna e maconha. A Pol\u00edcia Militar (PM) recebeu uma den\u00fancia de que L.N.S., conhecido como &#8220;L\u00ea&#8221;, [&hellip;]<\/p>\n","protected":false},"author":1,"featured_media":37337,"comment_status":"open","ping_status":"closed","sticky":false,"template":"","format":"standard","meta":{"amp_status":"","footnotes":""},"categories":[1236],"tags":[210,13772],"class_list":["post-37336","post","type-post","status-publish","format-standard","has-post-thumbnail","hentry","category-norte_de_minas","tag-montes-claros","tag-policia-militar-apreende-cerca-de-5-quilos-de-drogas-em-montes-claros"],"_links":{"self":[{"href":"https:\/\/aconteceunovale.com.br\/portal\/index.php?rest_route=\/wp\/v2\/posts\/37336","targetHints":{"allow":["GET"]}}],"collection":[{"href":"https:\/\/aconteceunovale.com.br\/portal\/index.php?rest_route=\/wp\/v2\/posts"}],"about":[{"href":"https:\/\/aconteceunovale.com.br\/portal\/index.php?rest_route=\/wp\/v2\/types\/post"}],"author":[{"embeddable":true,"href":"https:\/\/aconteceunovale.com.br\/portal\/index.php?rest_route=\/wp\/v2\/users\/1"}],"replies":[{"embeddable":true,"href":"https:\/\/aconteceunovale.com.br\/portal\/index.php?rest_route=%2Fwp%2Fv2%2Fcomments&post=37336"}],"version-history":[{"count":0,"href":"https:\/\/aconteceunovale.com.br\/portal\/index.php?rest_route=\/wp\/v2\/posts\/37336\/revisions"}],"wp:featuredmedia":[{"embeddable":true,"href":"https:\/\/aconteceunovale.com.br\/portal\/index.php?rest_route=\/wp\/v2\/media\/37337"}],"wp:attachment":[{"href":"https:\/\/aconteceunovale.com.br\/portal\/index.php?rest_route=%2Fwp%2Fv2%2Fmedia&parent=37336"}],"wp:term":[{"taxonomy":"category","embeddable":true,"href":"https:\/\/aconteceunovale.com.br\/portal\/index.php?rest_route=%2Fwp%2Fv2%2Fcategories&post=37336"},{"taxonomy":"post_tag","embeddable":true,"href":"https:\/\/aconteceunovale.com.br\/portal\/index.php?rest_route=%2Fwp%2Fv2%2Ftags&post=37336"}],"curies":[{"name":"wp","href":"https:\/\/api.w.org\/{rel}","templated":true}]}}