{"id":37330,"date":"2014-08-14T14:07:39","date_gmt":"2014-08-14T17:07:39","guid":{"rendered":"http:\/\/aconteceunovale.com.br\/portal\/?p=37330"},"modified":"2014-08-14T14:07:39","modified_gmt":"2014-08-14T17:07:39","slug":"acusado-de-assaltos-e-trafico-no-leste-de-minas-e-preso-com-r-33-mil-em-belo-horizonte","status":"publish","type":"post","link":"https:\/\/aconteceunovale.com.br\/portal\/?p=37330","title":{"rendered":"Acusado de assaltos e tr\u00e1fico no Leste de Minas \u00e9 preso com R$ 33 mil em Belo Horizonte"},"content":{"rendered":"<h4><strong>Jovem de 25 anos \u00e9 acusado de v\u00e1rios crimes, entre eles roubos milion\u00e1rios a ag\u00eancias banc\u00e1rias da regi\u00e3o do Vale do Rio Doce<\/strong><\/h4>\n<p>Conhecido como \u201cMicr\u00f3bio\u201d, o mec\u00e2nico M\u00e1rcio Ant\u00f4nio da Concei\u00e7\u00e3o J\u00fanior, de 25 anos, foi preso pela Pol\u00edcia Civil durante uma opera\u00e7\u00e3o realizada no Barreiro, em Belo Horizonte, nesta quinta-feira (14). Ele \u00e9 suspeito de chefiar uma quadrilha respons\u00e1vel por roubos e tr\u00e1fico de droga na regi\u00e3o de Inhapim, no Vale do Rio Doce.<\/p>\n<p>Ao todo, ele teria participado de mais de 10 crimes na localidade. O \u00faltimo no dia 7 de julho deste ano, onde ele teria participado com outros seis comparsas, de um assalto ao banco da cidade onde foram levados cerca de R$ 120 mil. Na ocasi\u00e3o, al\u00e9m do dinheiro, foram levados da ag\u00eancia tamb\u00e9m as armas, muni\u00e7\u00f5es e coletes \u00e0 prova de bala dos dois seguran\u00e7as rendidos.<\/p>\n<p><img decoding=\"async\" src=\"http:\/\/aconteceunovale.com.br\/portal\/wp-content\/uploads\/2014\/08\/ladrao_inhapim_bh_14_8_1.jpg\" alt=\"\" \/><em>Pol\u00edcia Civil apresenta Marcio Ant\u00f4nio da Concei\u00e7\u00e3o, suspeito de assalto a banco na cidade de Inhapim &#8211; Foto: Uarlen Valerio \/ Jornal O Tempo<\/em><br \/>\n<\/br><\/p>\n<p>\u201cOutros cinco elementos que participaram da a\u00e7\u00e3o criminosa j\u00e1 foram presos anteriormente, juntamente com a recupera\u00e7\u00e3o de R$ 30 mil do dinheiro roubado. Com as investiga\u00e7\u00f5es, conseguimos identificar esse homem, que consideramos ser o l\u00edder do grupo\u201d, afirmou o delegado Almir Lugon, um dos respons\u00e1veis pelo inqu\u00e9rito.<\/p>\n<p>O suspeito foi preso na regi\u00e3o da Vila Pinho, dentro da casa de sua m\u00e3e. Com ele, a pol\u00edcia apreendeu R$ 32 mil, uma pistola calibre 765, uma consider\u00e1vel quantidade de coca\u00edna e crack, uma balan\u00e7a de precis\u00e3o, e tamb\u00e9m produtos que teriam sido adquiridos com o dinheiro do roubo como televisores, notebooks e celulares.<\/p>\n<p>\u201cApesar de ser de Belo Horizonte, era ele quem controlava essa a\u00e7\u00e3o criminosa em Inhapim e outras cidades da regi\u00e3o. S\u00e3o roubos a com\u00e9rcio em geral, como bancos e joalherias. Al\u00e9m disso, era ele quem levava e comercializava as drogas nessas localidades\u201d, disse o policial, acrescentando que o suspeito ser\u00e1 indiciado pelos roubos, associa\u00e7\u00e3o criminosa, porte ilegal de arma e tr\u00e1fico de drogas.<\/p>\n<p>A pol\u00edcia ainda procura pelo \u00faltimo suspeito do crime e tamb\u00e9m pelo restante do dinheiro. No entanto, os policiais acreditam que a maior parte da quantia j\u00e1 tenha sido gasta com farra e compras. \u201cTemos informa\u00e7\u00f5es que o M\u00e1rcio passou alguns dias na regi\u00e3o de Guarapari, no Espirito Santo, gastando esse dinheiro, antes de voltar a Belo Horizonte\u201d, contou o delegado Almir Lugon.<\/p>\n<p>Defesa. Durante a apresenta\u00e7\u00e3o dele \u00e0 imprensa, o suspeito se negou a responder a qualquer pergunta relacionada aos crimes. Do lado de fora, por\u00e9m, a m\u00e3e dele o defendeu e disse que o filho n\u00e3o participou do assalto ao banco. \u201cDesse ele n\u00e3o fez nada. O dinheiro achado, na casa da namorada, \u00e9 do sogro dele, que \u00e9 um trabalhador. Eu admito que meu filho j\u00e1 tenha praticado crimes, mas esse do roubo n\u00e3o foi ele. Vamos provar isso\u201d, garantiu a aposentada.<\/p>\n<p><img decoding=\"async\" src=\"http:\/\/aconteceunovale.com.br\/portal\/wp-content\/uploads\/2014\/08\/ladrao_inhapim_bh_14_8_3.jpg\" alt=\"\" \/><em>Pol\u00edcia Civil apresenta Marcio Ant\u00f4nio da Concei\u00e7\u00e3o, suspeito de assalto a banco na cidade de Inhapim &#8211; Foto: Uarlen Valerio \/ Jornal O Tempo<\/em><br \/>\n<\/br><\/p>\n<p><strong><em>(Fonte: Jornal O Tempo)<\/em><\/strong><\/p>\n","protected":false},"excerpt":{"rendered":"<p>Jovem de 25 anos \u00e9 acusado de v\u00e1rios crimes, entre eles roubos milion\u00e1rios a ag\u00eancias banc\u00e1rias da regi\u00e3o do Vale do Rio Doce Conhecido como \u201cMicr\u00f3bio\u201d, o mec\u00e2nico M\u00e1rcio Ant\u00f4nio da Concei\u00e7\u00e3o J\u00fanior, de 25 anos, foi preso pela Pol\u00edcia Civil durante uma opera\u00e7\u00e3o realizada no Barreiro, em Belo Horizonte, nesta quinta-feira (14). Ele \u00e9 [&hellip;]<\/p>\n","protected":false},"author":1,"featured_media":37331,"comment_status":"open","ping_status":"closed","sticky":false,"template":"","format":"standard","meta":{"amp_status":"","footnotes":""},"categories":[123],"tags":[13765,194,1018,296,13764,13763,13762],"class_list":["post-37330","post","type-post","status-publish","format-standard","has-post-thumbnail","hentry","category-gerais","tag-acusado-de-assaltos-e-trafico-no-leste-de-minas-e-preso-com-r-33-mil-em-belo-horizonte","tag-belo-horizonte","tag-destaque","tag-inhapim","tag-ladrao-acusado-de-roubos-no-leste-de-minas-e-preso-com-r-33-mil-em-belo-horizonte","tag-marcio-antonio-da-conceicao-junior","tag-microbio"],"_links":{"self":[{"href":"https:\/\/aconteceunovale.com.br\/portal\/index.php?rest_route=\/wp\/v2\/posts\/37330","targetHints":{"allow":["GET"]}}],"collection":[{"href":"https:\/\/aconteceunovale.com.br\/portal\/index.php?rest_route=\/wp\/v2\/posts"}],"about":[{"href":"https:\/\/aconteceunovale.com.br\/portal\/index.php?rest_route=\/wp\/v2\/types\/post"}],"author":[{"embeddable":true,"href":"https:\/\/aconteceunovale.com.br\/portal\/index.php?rest_route=\/wp\/v2\/users\/1"}],"replies":[{"embeddable":true,"href":"https:\/\/aconteceunovale.com.br\/portal\/index.php?rest_route=%2Fwp%2Fv2%2Fcomments&post=37330"}],"version-history":[{"count":0,"href":"https:\/\/aconteceunovale.com.br\/portal\/index.php?rest_route=\/wp\/v2\/posts\/37330\/revisions"}],"wp:featuredmedia":[{"embeddable":true,"href":"https:\/\/aconteceunovale.com.br\/portal\/index.php?rest_route=\/wp\/v2\/media\/37331"}],"wp:attachment":[{"href":"https:\/\/aconteceunovale.com.br\/portal\/index.php?rest_route=%2Fwp%2Fv2%2Fmedia&parent=37330"}],"wp:term":[{"taxonomy":"category","embeddable":true,"href":"https:\/\/aconteceunovale.com.br\/portal\/index.php?rest_route=%2Fwp%2Fv2%2Fcategories&post=37330"},{"taxonomy":"post_tag","embeddable":true,"href":"https:\/\/aconteceunovale.com.br\/portal\/index.php?rest_route=%2Fwp%2Fv2%2Ftags&post=37330"}],"curies":[{"name":"wp","href":"https:\/\/api.w.org\/{rel}","templated":true}]}}