{"id":37319,"date":"2014-08-14T13:55:13","date_gmt":"2014-08-14T16:55:13","guid":{"rendered":"http:\/\/aconteceunovale.com.br\/portal\/?p=37319"},"modified":"2014-08-14T13:55:13","modified_gmt":"2014-08-14T16:55:13","slug":"capotamento-de-caminhao-deixa-uma-pessoa-ferida-na-mg-217-entre-malacacheta-e-agua-boa","status":"publish","type":"post","link":"https:\/\/aconteceunovale.com.br\/portal\/?p=37319","title":{"rendered":"Capotamento de caminh\u00e3o deixa uma pessoa ferida na MG-217, entre Malacacheta e \u00c1gua Boa"},"content":{"rendered":"<h4><em><strong>Caminh\u00e3o com placas de Capelinha tombou \u00e0s margens da rodovia. Passageiro ficou ferido e passa bem.<\/strong><\/em><\/h4>\n<p>Uma pessoa ficou ferida em um acidente na MG-217, nas imedia\u00e7\u00f5es da comunidade dos Ferreirinhas, h\u00e1 cerca de 15 quil\u00f4metros de Malacacheta, no Vale do Mucuri. O caminh\u00e3o tombou na rodovia por volta das 8 horas da manh\u00e3 desta quinta-feira, 14 de agosto.<\/p>\n<p><img decoding=\"async\" src=\"http:\/\/aconteceunovale.com.br\/portal\/wp-content\/uploads\/2014\/08\/acidente_caminhao_cap_14_8_7.jpg\" alt=\"\" \/><em>(Caminh\u00e3o tombou na rodovia entre \u00c1gua Boa e Malacacheta &#8211; Foto: Leandro Silva)<\/em><br \/>\n<\/br><\/p>\n<p>De acordo com informa\u00e7\u00f5es, o caminh\u00e3o placas CNI-8708, de Capelinha\/MG, carregado de toras de eucalipto, trafegava no sentido \u00c1gua Boa\/Malacacheta, quando a carga teria puxado para o lado, fazendo com que o caminh\u00e3o capotasse \u00e0s margens da rodovia.<\/p>\n<p>O motorista Marl\u00facio Soares dos Santos, de 23 anos, n\u00e3o sofreu nenhum ferimento. J\u00e1 o passageiro, Charles Rosa, de 21, sofreu escoria\u00e7\u00f5es na face e nas pernas. Os ocupantes ficaram presos \u00e0s ferragens e foram socorridos por uma equipe de resgate do Servi\u00e7o de Atendimento M\u00f3vel de Urg\u00eancia (SAMU). O passageiro ferido foi encaminhado para o Hospital Municipal Dr. Carlos Marx e passa bem.<\/p>\n<p><strong>GALERIA DE FOTOS:<\/strong><br \/>\n<em>(Cr\u00e9dito: Leandro Silva \/ Rep\u00f3rter)<\/em><\/p>\n<p><img decoding=\"async\" src=\"http:\/\/aconteceunovale.com.br\/portal\/wp-content\/uploads\/2014\/08\/acidente_caminhao_cap_14_8_1.jpg\" alt=\"\" \/><\/p>\n<p><img decoding=\"async\" src=\"http:\/\/aconteceunovale.com.br\/portal\/wp-content\/uploads\/2014\/08\/acidente_caminhao_cap_14_8_2.jpg\" alt=\"\" \/><\/p>\n<p><img decoding=\"async\" src=\"http:\/\/aconteceunovale.com.br\/portal\/wp-content\/uploads\/2014\/08\/acidente_caminhao_cap_14_8_3.jpg\" alt=\"\" \/><\/p>\n<p><img decoding=\"async\" src=\"http:\/\/aconteceunovale.com.br\/portal\/wp-content\/uploads\/2014\/08\/acidente_caminhao_cap_14_8_4.jpg\" alt=\"\" \/><\/p>\n<p><img decoding=\"async\" src=\"http:\/\/aconteceunovale.com.br\/portal\/wp-content\/uploads\/2014\/08\/acidente_caminhao_cap_14_8_5.jpg\" alt=\"\" \/><\/p>\n<p><img decoding=\"async\" src=\"http:\/\/aconteceunovale.com.br\/portal\/wp-content\/uploads\/2014\/08\/acidente_caminhao_cap_14_8_6.jpg\" alt=\"\" \/><\/p>\n<p><img decoding=\"async\" src=\"http:\/\/aconteceunovale.com.br\/portal\/wp-content\/uploads\/2014\/08\/acidente_caminhao_cap_14_8_8.jpg\" alt=\"\" \/><\/p>\n<p><img decoding=\"async\" src=\"http:\/\/aconteceunovale.com.br\/portal\/wp-content\/uploads\/2014\/08\/acidente_caminhao_cap_14_8_9.jpg\" alt=\"\" \/><\/p>\n<p><strong><em>(Rep\u00f3rter Leandro Silva para o Aconteceu no Vale)<\/em><\/strong><\/p>\n","protected":false},"excerpt":{"rendered":"<p>Caminh\u00e3o com placas de Capelinha tombou \u00e0s margens da rodovia. Passageiro ficou ferido e passa bem. Uma pessoa ficou ferida em um acidente na MG-217, nas imedia\u00e7\u00f5es da comunidade dos Ferreirinhas, h\u00e1 cerca de 15 quil\u00f4metros de Malacacheta, no Vale do Mucuri. O caminh\u00e3o tombou na rodovia por volta das 8 horas da manh\u00e3 desta [&hellip;]<\/p>\n","protected":false},"author":1,"featured_media":37326,"comment_status":"open","ping_status":"closed","sticky":false,"template":"","format":"standard","meta":{"amp_status":"","footnotes":""},"categories":[122],"tags":[13761,130,132,13758,13760,1018,226,13759],"class_list":["post-37319","post","type-post","status-publish","format-standard","has-post-thumbnail","hentry","category-mucuri","tag-acidente-com-caminhao-de-capelinha","tag-agua-boa","tag-capelinha","tag-capotamento-de-caminhao-deixa-uma-pessoa-ferida-na-mg-217-entre-malacacheta-e-agua-boa","tag-charles-rosa","tag-destaque","tag-malacacheta","tag-marlucio-soares-dos-santos"],"_links":{"self":[{"href":"https:\/\/aconteceunovale.com.br\/portal\/index.php?rest_route=\/wp\/v2\/posts\/37319","targetHints":{"allow":["GET"]}}],"collection":[{"href":"https:\/\/aconteceunovale.com.br\/portal\/index.php?rest_route=\/wp\/v2\/posts"}],"about":[{"href":"https:\/\/aconteceunovale.com.br\/portal\/index.php?rest_route=\/wp\/v2\/types\/post"}],"author":[{"embeddable":true,"href":"https:\/\/aconteceunovale.com.br\/portal\/index.php?rest_route=\/wp\/v2\/users\/1"}],"replies":[{"embeddable":true,"href":"https:\/\/aconteceunovale.com.br\/portal\/index.php?rest_route=%2Fwp%2Fv2%2Fcomments&post=37319"}],"version-history":[{"count":0,"href":"https:\/\/aconteceunovale.com.br\/portal\/index.php?rest_route=\/wp\/v2\/posts\/37319\/revisions"}],"wp:featuredmedia":[{"embeddable":true,"href":"https:\/\/aconteceunovale.com.br\/portal\/index.php?rest_route=\/wp\/v2\/media\/37326"}],"wp:attachment":[{"href":"https:\/\/aconteceunovale.com.br\/portal\/index.php?rest_route=%2Fwp%2Fv2%2Fmedia&parent=37319"}],"wp:term":[{"taxonomy":"category","embeddable":true,"href":"https:\/\/aconteceunovale.com.br\/portal\/index.php?rest_route=%2Fwp%2Fv2%2Fcategories&post=37319"},{"taxonomy":"post_tag","embeddable":true,"href":"https:\/\/aconteceunovale.com.br\/portal\/index.php?rest_route=%2Fwp%2Fv2%2Ftags&post=37319"}],"curies":[{"name":"wp","href":"https:\/\/api.w.org\/{rel}","templated":true}]}}