{"id":37312,"date":"2014-08-14T13:09:41","date_gmt":"2014-08-14T16:09:41","guid":{"rendered":"http:\/\/aconteceunovale.com.br\/portal\/?p=37312"},"modified":"2014-08-14T13:09:41","modified_gmt":"2014-08-14T16:09:41","slug":"marli-andrade-a-idiotice-do-humor-que-nao-tem-graca-esta-dominando-esta-geracao","status":"publish","type":"post","link":"https:\/\/aconteceunovale.com.br\/portal\/?p=37312","title":{"rendered":"Marli Andrade &#8211; A idiotice do \u201chumor\u201d que n\u00e3o tem gra\u00e7a est\u00e1 dominando esta gera\u00e7\u00e3o?"},"content":{"rendered":"<p>A cada \u201cacontecimento\u201d nos deparamos com a exposi\u00e7\u00e3o do \u201crid\u00edculo\u201d que h\u00e1 em cada um de n\u00f3s, nas redes sociais.<\/p>\n<p>\u00c0s vezes me pego pensando se as pessoas ainda n\u00e3o entenderam que rede social \u00e9 o mesmo que falar para a popula\u00e7\u00e3o mundial. Imaginem s\u00f3: podemos dizer o que quisermos e mais de sete milh\u00f5es de pessoas podem ter conhecimento sobre nossa posi\u00e7\u00e3o. <\/p>\n<p>Isso \u00e9 fant\u00e1stico! E o que uma grande parte faz? Diz asneiras. Pode ser pensando que somente sua cidadezinha de menos de 10 mil habitantes veja, pode ser pensando que somente seus amigos no \u201ccontador de seguidores\u201d, pode ser at\u00e9 que pense que jamais ser\u00e1 \u201ccompartilhado\u201d ou \u201cretuitado\u201d um pensamento \u201cbanal\u201d \u2013 uma piadinha, apenas.<\/p>\n<p><img decoding=\"async\" src=\"http:\/\/aconteceunovale.com.br\/portal\/wp-content\/uploads\/2014\/08\/humor_sem_graca.jpg\" alt=\"\" \/><em>(Imagem reprodu\u00e7\u00e3o do Sistema Brasileiro de Televis\u00e3o &#8211; SBT)<\/em><br \/>\n<\/br><\/p>\n<p>Esta \u201cocorr\u00eancia\u201d vem acontecendo com simples mortais em suas redes que s\u00e3o pouco povoadas, assim como em p\u00e1ginas de cantores que sempre foram tidos como \u201cinteligentes\u201d, acontecendo tamb\u00e9m com padres e pastores que tamb\u00e9m sempre foram sin\u00f4nimo de \u201chomens de Deus\u201d, os pol\u00edticos &#8211; sem escr\u00fapulos &#8211; nem damos muita aten\u00e7\u00e3o mais e nem aos idiotas dos programas humor\u00edsticos que chegam a dizer: \u201chumorista s\u00f3 fala merda mesmo\u201d (n\u00e3o acreditei quando eu mesma ouvi de um, na TV).<\/p>\n<p>A\u00ed fico me perguntando: O que n\u00f3s (n\u00f3s quem? \u2013 se estes \u201chumoristas\u201d est\u00e3o tendo mais influ\u00eancia do que n\u00f3s: profissionais, pais, professores, amigos&#8230;) podemos fazer?<\/p>\n<p>Onde est\u00e1 a parte \u201csomos todos seres humanos\u201d? <\/p>\n<p>Onde est\u00e1 a parte \u201cquem ser\u00e1 atingido com esta minha posi\u00e7\u00e3o?<\/p>\n<p>Onde est\u00e1 a parte \u201cqual a consequ\u00eancia desta minha a\u00e7\u00e3o?<\/p>\n<p>\u00c9 fato que Freud tinha toda raz\u00e3o quando disse: \u201cQuando o ser humano cala, falam-se as pontas dos dedos\u201d. <\/p>\n<p>Longe de imaginar que \u201cas pontas dos dedos\u201d seria, cem anos mais tarde, traduzidos em \u201cFacebook, \u201cTwitter\u201d e outras redes sociais, Freud j\u00e1 alertava que o ser humano demonstra o que tem dentro de si em atitudes e, com esta tecnologia, em palavras, como se estivesse dizendo nas cozinhas de suas casas, uma opini\u00e3o sobre os outros.<\/p>\n<p>N\u00e3o que na cozinha \u201cpode\u201d. Mas na cozinha, diante da pessoa, com mais oportunidade de esclarecimentos ou n\u00e3o exposi\u00e7\u00e3o do \u201coutro\u201d \u00e9 menos desastroso do que numa rede mundial.<\/p>\n<p>Eu ando meio \u201csem paci\u00eancia\u201d com estas postagens \u201cexpositivas. \u201cSem paci\u00eancia\u201d pelo simples fato de com elas, estar conhecendo a fragilidade da nossa gera\u00e7\u00e3o que n\u00e3o tem gra\u00e7a e \u201cacha\u201d gra\u00e7a em rir do \u201csofrimento\u201d de outro \u201cpar\u201d. <\/p>\n<p>Perdoem-me pela \u201crabugice\u201d do texto desta semana, mas \u00e9 que o que mais me indigna na vida \u00e9 um ser humano desrespeitar outro ser humano. Antes me indignava o ser humano ser capaz de matar outro da mesma esp\u00e9cie (nunca aceitei isso). Hoje, o riso da \u201cdesgra\u00e7a\u201d do outro, me indigna tanto quanto.<\/p>\n<p>Somos todos da mesma esp\u00e9cie, poxa! (ou n\u00e3o?)<\/p>\n<p><img decoding=\"async\" src=\"http:\/\/aconteceunovale.com.br\/portal\/wp-content\/uploads\/2014\/03\/marli_andrade_contato_coluna.jpg\" alt=\"\" \/><br \/>\n<\/br><\/p>\n<h1 style=\"text-align: center;\">Quem \u00e9 Marli Andrade?<\/h1>\n<p><img decoding=\"async\" class=\"aligncenter\" alt=\"\" src=\"http:\/\/aconteceunovale.com.br\/portal\/wp-content\/uploads\/2014\/03\/marli_andrade_33.jpg\" \/><\/p>\n<p>Marli Andrade \u00e9 Psicanalista e Psicopedagoga, Doutoranda em Psicologia Social pela Universidade Argentina John Kennedy em Buenos Aires, defendendo a tese: \u201cA influ\u00eancia da subjetividade nas intera\u00e7\u00f5es profissionais\u201d.<\/p>\n<p>Escritora do livro <em>\u201c<strong>Primeiro voc\u00ea sonha, depois voc\u00ea dorme<\/strong>\u201d<\/em>, catalogado pela C\u00e2mara Nacional do Livro, sob o cat\u00e1logo sistem\u00e1tico: Autoconhecimento, Comportamento social, Conduta de vida, Equil\u00edbrio (Psicologia), Inconsciente, Realiza\u00e7\u00e3o pessoal, Rela\u00e7\u00f5es interpessoais, Sonhos e Sucesso profissional.<\/p>\n<p>Atua com palestras e treinamentos em institui\u00e7\u00f5es p\u00fablicas e privadas, disponibilizando t\u00e9cnicas para que cada participante possa construir suas pr\u00f3prias estrat\u00e9gias para a gest\u00e3o intra e interpessoal.<\/p>\n<p style=\"text-align: center;\"><strong>Marli Andrade<\/strong><br \/>\nPsicanalista e Psicopedagoga<br \/>\nDoutoranda em Psicologia Social<br \/>\nCNP Espo n\u00ba 0705-59<br \/>\nCNPJ 18.183.436\/ 0001-29<\/p>\n","protected":false},"excerpt":{"rendered":"<p>A cada \u201cacontecimento\u201d nos deparamos com a exposi\u00e7\u00e3o do \u201crid\u00edculo\u201d que h\u00e1 em cada um de n\u00f3s, nas redes sociais. \u00c0s vezes me pego pensando se as pessoas ainda n\u00e3o entenderam que rede social \u00e9 o mesmo que falar para a popula\u00e7\u00e3o mundial. Imaginem s\u00f3: podemos dizer o que quisermos e mais de sete milh\u00f5es [&hellip;]<\/p>\n","protected":false},"author":1,"featured_media":37314,"comment_status":"open","ping_status":"closed","sticky":false,"template":"","format":"standard","meta":{"amp_status":"","footnotes":""},"categories":[4927],"tags":[13745,1018,4624,13752,13746,13747,13753,634,13749,13750,13751,13748],"class_list":["post-37312","post","type-post","status-publish","format-standard","has-post-thumbnail","hentry","category-colunistas","tag-a-idiotice-do-humor-que-nao-tem-graca-esta-dominando-esta-geracao","tag-destaque","tag-facebook","tag-humor-na-internet","tag-humor-no-facebook","tag-humor-no-twitter","tag-humor-sem-graca","tag-marli-andrade","tag-piadinhas-na-internet","tag-piadinhas-no-facebook","tag-piadinhas-no-twitter","tag-twitter"],"_links":{"self":[{"href":"https:\/\/aconteceunovale.com.br\/portal\/index.php?rest_route=\/wp\/v2\/posts\/37312","targetHints":{"allow":["GET"]}}],"collection":[{"href":"https:\/\/aconteceunovale.com.br\/portal\/index.php?rest_route=\/wp\/v2\/posts"}],"about":[{"href":"https:\/\/aconteceunovale.com.br\/portal\/index.php?rest_route=\/wp\/v2\/types\/post"}],"author":[{"embeddable":true,"href":"https:\/\/aconteceunovale.com.br\/portal\/index.php?rest_route=\/wp\/v2\/users\/1"}],"replies":[{"embeddable":true,"href":"https:\/\/aconteceunovale.com.br\/portal\/index.php?rest_route=%2Fwp%2Fv2%2Fcomments&post=37312"}],"version-history":[{"count":0,"href":"https:\/\/aconteceunovale.com.br\/portal\/index.php?rest_route=\/wp\/v2\/posts\/37312\/revisions"}],"wp:featuredmedia":[{"embeddable":true,"href":"https:\/\/aconteceunovale.com.br\/portal\/index.php?rest_route=\/wp\/v2\/media\/37314"}],"wp:attachment":[{"href":"https:\/\/aconteceunovale.com.br\/portal\/index.php?rest_route=%2Fwp%2Fv2%2Fmedia&parent=37312"}],"wp:term":[{"taxonomy":"category","embeddable":true,"href":"https:\/\/aconteceunovale.com.br\/portal\/index.php?rest_route=%2Fwp%2Fv2%2Fcategories&post=37312"},{"taxonomy":"post_tag","embeddable":true,"href":"https:\/\/aconteceunovale.com.br\/portal\/index.php?rest_route=%2Fwp%2Fv2%2Ftags&post=37312"}],"curies":[{"name":"wp","href":"https:\/\/api.w.org\/{rel}","templated":true}]}}