{"id":37305,"date":"2014-08-14T12:01:22","date_gmt":"2014-08-14T15:01:22","guid":{"rendered":"http:\/\/aconteceunovale.com.br\/portal\/?p=37305"},"modified":"2014-08-14T12:01:22","modified_gmt":"2014-08-14T15:01:22","slug":"parceria-garantiu-capacitacao-tecnica-para-390-pessoas-em-capelinha","status":"publish","type":"post","link":"https:\/\/aconteceunovale.com.br\/portal\/?p=37305","title":{"rendered":"Parceria garantiu capacita\u00e7\u00e3o t\u00e9cnica para 390 pessoas em Capelinha"},"content":{"rendered":"<p>Entre Janeiro de 2013 e julho de 2014, cerca de 390 pessoas j\u00e1 foram capacitadas nos dez cursos t\u00e9cnicos oferecidos pela Prefeitura Municipal por meio da Secretaria de Assist\u00eancia Social, atrav\u00e9s de parceria com o Programa Nacional de Ensino T\u00e9cnico (PRONATEC).<\/p>\n<p><img decoding=\"async\" src=\"http:\/\/aconteceunovale.com.br\/portal\/wp-content\/uploads\/2014\/08\/curso_cabelereiro_pronatec_cap_14.jpg\" alt=\"\" \/><em>(Curso de cabelereiro &#8211; Foto: Divulga\u00e7\u00e3o)<\/em><br \/>\n<\/br><\/p>\n<p>Os cursos foram ofertados gratuitamente, e cada curso, teve a dura\u00e7\u00e3o m\u00e9dia de tr\u00eas meses sendo que o aluno, al\u00e9m de se qualificar, tamb\u00e9m conta com uma bolsa de Estudos de R$ 4,00 reais por hora de aula frequentada.<\/p>\n<p>Al\u00e9m da gest\u00e3o pol\u00edtica para pactua\u00e7\u00e3o dos cursos, a Prefeitura tamb\u00e9m se responsabiliza pela oferta de espa\u00e7o para as aulas do curso, e quando necess\u00e1rio, tamb\u00e9m arca com despesas de alimenta\u00e7\u00e3o e hospedagem para os instrutores dos cursos. <\/p>\n<p><img decoding=\"async\" src=\"http:\/\/aconteceunovale.com.br\/portal\/wp-content\/uploads\/2014\/08\/curso_cabelereiro_pronatec_cap_15.jpg\" alt=\"\" \/><em>(Vagas ofertadas por curso &#8211; Foto: Divulga\u00e7\u00e3o)<\/em><\/p>\n","protected":false},"excerpt":{"rendered":"<p>Entre Janeiro de 2013 e julho de 2014, cerca de 390 pessoas j\u00e1 foram capacitadas nos dez cursos t\u00e9cnicos oferecidos pela Prefeitura Municipal por meio da Secretaria de Assist\u00eancia Social, atrav\u00e9s de parceria com o Programa Nacional de Ensino T\u00e9cnico (PRONATEC). (Curso de cabelereiro &#8211; Foto: Divulga\u00e7\u00e3o) Os cursos foram ofertados gratuitamente, e cada curso, [&hellip;]<\/p>\n","protected":false},"author":1,"featured_media":37306,"comment_status":"open","ping_status":"closed","sticky":false,"template":"","format":"standard","meta":{"amp_status":"","footnotes":""},"categories":[120],"tags":[132,13738,1018,13737],"class_list":["post-37305","post","type-post","status-publish","format-standard","has-post-thumbnail","hentry","category-jequi","tag-capelinha","tag-cursos-pronatec-capelinha","tag-destaque","tag-parceria-garantiu-capacitacao-tecnica-para-390-pessoas-em-capelinha"],"_links":{"self":[{"href":"https:\/\/aconteceunovale.com.br\/portal\/index.php?rest_route=\/wp\/v2\/posts\/37305","targetHints":{"allow":["GET"]}}],"collection":[{"href":"https:\/\/aconteceunovale.com.br\/portal\/index.php?rest_route=\/wp\/v2\/posts"}],"about":[{"href":"https:\/\/aconteceunovale.com.br\/portal\/index.php?rest_route=\/wp\/v2\/types\/post"}],"author":[{"embeddable":true,"href":"https:\/\/aconteceunovale.com.br\/portal\/index.php?rest_route=\/wp\/v2\/users\/1"}],"replies":[{"embeddable":true,"href":"https:\/\/aconteceunovale.com.br\/portal\/index.php?rest_route=%2Fwp%2Fv2%2Fcomments&post=37305"}],"version-history":[{"count":0,"href":"https:\/\/aconteceunovale.com.br\/portal\/index.php?rest_route=\/wp\/v2\/posts\/37305\/revisions"}],"wp:featuredmedia":[{"embeddable":true,"href":"https:\/\/aconteceunovale.com.br\/portal\/index.php?rest_route=\/wp\/v2\/media\/37306"}],"wp:attachment":[{"href":"https:\/\/aconteceunovale.com.br\/portal\/index.php?rest_route=%2Fwp%2Fv2%2Fmedia&parent=37305"}],"wp:term":[{"taxonomy":"category","embeddable":true,"href":"https:\/\/aconteceunovale.com.br\/portal\/index.php?rest_route=%2Fwp%2Fv2%2Fcategories&post=37305"},{"taxonomy":"post_tag","embeddable":true,"href":"https:\/\/aconteceunovale.com.br\/portal\/index.php?rest_route=%2Fwp%2Fv2%2Ftags&post=37305"}],"curies":[{"name":"wp","href":"https:\/\/api.w.org\/{rel}","templated":true}]}}