{"id":37302,"date":"2014-08-14T11:39:44","date_gmt":"2014-08-14T14:39:44","guid":{"rendered":"http:\/\/aconteceunovale.com.br\/portal\/?p=37302"},"modified":"2014-08-14T11:39:44","modified_gmt":"2014-08-14T14:39:44","slug":"motorista-fica-ferido-em-acidente-envolvendo-onibus-e-carro-na-br-381-no-leste-de-minas","status":"publish","type":"post","link":"https:\/\/aconteceunovale.com.br\/portal\/?p=37302","title":{"rendered":"Motorista fica ferido em acidente envolvendo \u00f4nibus e carro na BR-381, no Leste de Minas"},"content":{"rendered":"<h4><strong>Acidente aconteceu durante uma ultrapassagem. Motorista ficou preso \u00e0s ferragens.<\/strong><\/h4>\n<p>Uma pessoa ficou ferida em um acidente envolvendo um carro e um \u00f4nibus no in\u00edcio da noite desta quarta-feira, 13 de agosto, na altura do quil\u00f4metro 239 da BR-381, em Santana do Para\u00edso, no Leste de Minas. <\/p>\n<p>Segundo informa\u00e7\u00f5es do Corpo de Bombeiro, o ve\u00edculo Polo, placas HCF-5840, que seguia no sentido Ipatinga\/Governador Valadares, bateu na lateral de um \u00f4nibus da Via\u00e7\u00e3o LM Turismo, que trafegava na dire\u00e7\u00e3o contr\u00e1ria da pista.<\/p>\n<p><img decoding=\"async\" src=\"http:\/\/aconteceunovale.com.br\/portal\/wp-content\/uploads\/2014\/08\/acidente_bus_car_ipa_14_8.jpg\" alt=\"\" \/><em>Batida entre \u00f4nibus e carro deixou uma pessoa ferida (Foto: Patr\u00edcia Belo \/ G1)<\/em><br \/>\n<\/br><\/p>\n<p>De acordo com sargento Leonardo Cangussu, o motorista do carro ficou preso \u00e0s ferragens e foi encaminhado em estado grave para o Hospital M\u00e1rcio Cunha em Ipatinga. Testemunhas disseram ao militar que o acidente teria acontecido ap\u00f3s uma ultrapassagem perigosa.<\/p>\n<p>\u201cAs primeiras informa\u00e7\u00f5es que temos, atrav\u00e9s de testemunhas, \u00e9 de que o carro de passeio estava na velocidade da via, por\u00e9m fazia uma ultrapassagem perigosa. Quando cheguei ao local, o motorista estava com uma perna presa \u00e0s ferragens, e os demais ocupantes do carro com escoria\u00e7\u00f5es leves. No \u00f4nibus ningu\u00e9m se feriu. Tiramos o motorista e o Samu realizou o atendimento,\u201d conta o sargento.<\/p>\n<p>Ainda segundo os bombeiros, dentro do \u00f4nibus havia 20 trabalhadores de uma empresa de telefonia celular. O motorista do \u00f4nibus conta que tentou desviar do carro, mas n\u00e3o conseguiu frear a tempo.<\/p>\n<p>\u201cEu voltava com a turma e seguia para Ipatinga, levando os funcion\u00e1rios para casa, quando me deparei com o carro na contram\u00e3o. Eu fiz o que eu pude, joguei o carro no acostamento e evitei o pior. Neste momento perdi o controle da dire\u00e7\u00e3o e o ve\u00edculo bateu na lateral do \u00f4nibus, estourando um dos pneus\u201d, finalizou.<\/p>\n<p>No in\u00edcio da noite o engarrafamento na BR-381 chegou a seis quil\u00f4metros nos dois sentido da rodovia, mas o tr\u00e2nsito j\u00e1 foi liberado.<\/p>\n<p><strong><em>(Inter TV dos Vales)<\/em><\/strong><\/p>\n","protected":false},"excerpt":{"rendered":"<p>Acidente aconteceu durante uma ultrapassagem. Motorista ficou preso \u00e0s ferragens. Uma pessoa ficou ferida em um acidente envolvendo um carro e um \u00f4nibus no in\u00edcio da noite desta quarta-feira, 13 de agosto, na altura do quil\u00f4metro 239 da BR-381, em Santana do Para\u00edso, no Leste de Minas. Segundo informa\u00e7\u00f5es do Corpo de Bombeiro, o ve\u00edculo [&hellip;]<\/p>\n","protected":false},"author":1,"featured_media":37303,"comment_status":"open","ping_status":"closed","sticky":false,"template":"","format":"standard","meta":{"amp_status":"","footnotes":""},"categories":[121],"tags":[247,201,13736,13735],"class_list":["post-37302","post","type-post","status-publish","format-standard","has-post-thumbnail","hentry","category-leste","tag-governador-valadares","tag-ipatinga","tag-motorista-fica-ferido-em-acidente-envolvendo-onibus-e-carro-na-br-381-em-santana-do-paraiso","tag-motorista-fica-ferido-em-acidente-envolvendo-onibus-e-carro-na-br-381-no-leste-de-minas"],"_links":{"self":[{"href":"https:\/\/aconteceunovale.com.br\/portal\/index.php?rest_route=\/wp\/v2\/posts\/37302","targetHints":{"allow":["GET"]}}],"collection":[{"href":"https:\/\/aconteceunovale.com.br\/portal\/index.php?rest_route=\/wp\/v2\/posts"}],"about":[{"href":"https:\/\/aconteceunovale.com.br\/portal\/index.php?rest_route=\/wp\/v2\/types\/post"}],"author":[{"embeddable":true,"href":"https:\/\/aconteceunovale.com.br\/portal\/index.php?rest_route=\/wp\/v2\/users\/1"}],"replies":[{"embeddable":true,"href":"https:\/\/aconteceunovale.com.br\/portal\/index.php?rest_route=%2Fwp%2Fv2%2Fcomments&post=37302"}],"version-history":[{"count":0,"href":"https:\/\/aconteceunovale.com.br\/portal\/index.php?rest_route=\/wp\/v2\/posts\/37302\/revisions"}],"wp:featuredmedia":[{"embeddable":true,"href":"https:\/\/aconteceunovale.com.br\/portal\/index.php?rest_route=\/wp\/v2\/media\/37303"}],"wp:attachment":[{"href":"https:\/\/aconteceunovale.com.br\/portal\/index.php?rest_route=%2Fwp%2Fv2%2Fmedia&parent=37302"}],"wp:term":[{"taxonomy":"category","embeddable":true,"href":"https:\/\/aconteceunovale.com.br\/portal\/index.php?rest_route=%2Fwp%2Fv2%2Fcategories&post=37302"},{"taxonomy":"post_tag","embeddable":true,"href":"https:\/\/aconteceunovale.com.br\/portal\/index.php?rest_route=%2Fwp%2Fv2%2Ftags&post=37302"}],"curies":[{"name":"wp","href":"https:\/\/api.w.org\/{rel}","templated":true}]}}