{"id":37299,"date":"2014-08-14T11:24:25","date_gmt":"2014-08-14T14:24:25","guid":{"rendered":"http:\/\/aconteceunovale.com.br\/portal\/?p=37299"},"modified":"2014-08-14T11:24:25","modified_gmt":"2014-08-14T14:24:25","slug":"historiador-de-teofilo-otoni-recebera-premiacao-nacional","status":"publish","type":"post","link":"https:\/\/aconteceunovale.com.br\/portal\/?p=37299","title":{"rendered":"Historiador de Te\u00f3filo Otoni receber\u00e1 premia\u00e7\u00e3o nacional"},"content":{"rendered":"<h4><em><strong>C\u00e9drik Barbosa receber\u00e1 no dia 02 de dezembro deste ano em Turmalina, medalhas e condecora\u00e7\u00f5es pelos excelentes trabalhos de pesquisa e divulga\u00e7\u00e3o com foco no resgate memorial hist\u00f3rico e cultural do Vale do Mucuri<\/strong><\/em><\/h4>\n<p>[image src=&#8221;http:\/\/aconteceunovale.com.br\/portal\/wp-content\/uploads\/2014\/08\/historiador_teo_cedrik.jpg&#8221; width=&#8221;380&#8243; height=&#8221;450&#8243; lightbox=&#8221;yes&#8221; align=&#8221;left&#8221; float=&#8221;left&#8221;]<\/p>\n<p>No dia 02 de dezembro, o historiador C\u00e9drik Barbosa receber\u00e1 na cidade de Turmalina uma s\u00e9rie de homenagens resultado do seu trabalho no campo de pesquisa e divulga\u00e7\u00e3o com foco no resgate memorial hist\u00f3rico e cultural do Vale do Mucuri.<\/p>\n<p>Entre as comendas est\u00e1 a medalha Professor Firmo de Paula Freire, com quem ser\u00e3o condecorados pesquisadores dos estados da Para\u00edba, Bahia, Rio de Janeiro, S\u00e3o Paulo, Sergipe e Minas Gerais. Essa \u00e9 uma das maiores honras que o pesquisador te\u00f3filo-otonense j\u00e1 recebeu. C\u00e9drik, inclusive, j\u00e1 foi agraciado com o 11\u00b0 lugar em 2012 no Pr\u00eamio Clarivaldo Prado Valadares, onde participaram 240 pesquisadores de 20 estados brasileiros.<\/p>\n<p>C\u00e9drik Barbosa que executa e divulga suas pesquisas com recurso pr\u00f3prio informou que o elemento motivador de suas pesquisas \u00e9 a oportunidade de poder ser lembrado pelas pr\u00f3ximas gera\u00e7\u00f5es como o respons\u00e1vel por manter acesa a chama da cultura e economia local em nossas mem\u00f3rias.<\/p>\n<p>\u201cUso o conjunto arquitet\u00f4nico que ainda nos sobra do s\u00e9culo XIX e os registros que ainda temos da sociedade e economia da mesma \u00e9poca, para inovar em sala de aula de forma mais din\u00e2mica com meus alunos, dando a eles a oportunidade de produzirem junto comigo algo que ficar\u00e1 em nossas mem\u00f3rias para sempre\u201d, afirmou.<\/p>\n<p>Cedrik diz que agora vai comemorar ao lado da esposa Polyanna e do filho Heitor esse pr\u00eamio que \u00e9 de todos. Ali\u00e1s, o pesquisador j\u00e1 esta desenvolvendo um novo projeto junto a comunidades quilombolas do Mucuri e descendentes de escravos alforriados j\u00e1 para o pr\u00f3ximo ano.<\/p>\n<p>\u201cPara n\u00f3s de Te\u00f3filo Otoni saber que temos al\u00e9m do esporte e da m\u00fasica, outro representante de peso no cen\u00e1rio nacional na \u00e1rea das pesquisas \u00e9 algo gratificante\u201d, concluiu.<\/p>\n<p><em>(Di\u00e1rio de Te\u00f3filo Otoni)<\/em><\/p>\n","protected":false},"excerpt":{"rendered":"<p>C\u00e9drik Barbosa receber\u00e1 no dia 02 de dezembro deste ano em Turmalina, medalhas e condecora\u00e7\u00f5es pelos excelentes trabalhos de pesquisa e divulga\u00e7\u00e3o com foco no resgate memorial hist\u00f3rico e cultural do Vale do Mucuri [image src=&#8221;http:\/\/aconteceunovale.com.br\/portal\/wp-content\/uploads\/2014\/08\/historiador_teo_cedrik.jpg&#8221; width=&#8221;380&#8243; height=&#8221;450&#8243; lightbox=&#8221;yes&#8221; align=&#8221;left&#8221; float=&#8221;left&#8221;] No dia 02 de dezembro, o historiador C\u00e9drik Barbosa receber\u00e1 na cidade de Turmalina [&hellip;]<\/p>\n","protected":false},"author":1,"featured_media":37300,"comment_status":"open","ping_status":"closed","sticky":false,"template":"","format":"standard","meta":{"amp_status":"","footnotes":""},"categories":[122],"tags":[13732,13734,13733,164,178],"class_list":["post-37299","post","type-post","status-publish","format-standard","has-post-thumbnail","hentry","category-mucuri","tag-cedrik-barbosa","tag-historiador-de-teofilo-otoni-recebera-premiacao-nacional","tag-medalhas-e-condecoracoes-pelos-excelentes-trabalhos-de-pesquisa-e-divulgacao-com-foco-no-resgate-memorial-historico-e-cultural-do-vale-do-mucuri","tag-teofilo-otoni","tag-turmalina"],"_links":{"self":[{"href":"https:\/\/aconteceunovale.com.br\/portal\/index.php?rest_route=\/wp\/v2\/posts\/37299","targetHints":{"allow":["GET"]}}],"collection":[{"href":"https:\/\/aconteceunovale.com.br\/portal\/index.php?rest_route=\/wp\/v2\/posts"}],"about":[{"href":"https:\/\/aconteceunovale.com.br\/portal\/index.php?rest_route=\/wp\/v2\/types\/post"}],"author":[{"embeddable":true,"href":"https:\/\/aconteceunovale.com.br\/portal\/index.php?rest_route=\/wp\/v2\/users\/1"}],"replies":[{"embeddable":true,"href":"https:\/\/aconteceunovale.com.br\/portal\/index.php?rest_route=%2Fwp%2Fv2%2Fcomments&post=37299"}],"version-history":[{"count":0,"href":"https:\/\/aconteceunovale.com.br\/portal\/index.php?rest_route=\/wp\/v2\/posts\/37299\/revisions"}],"wp:featuredmedia":[{"embeddable":true,"href":"https:\/\/aconteceunovale.com.br\/portal\/index.php?rest_route=\/wp\/v2\/media\/37300"}],"wp:attachment":[{"href":"https:\/\/aconteceunovale.com.br\/portal\/index.php?rest_route=%2Fwp%2Fv2%2Fmedia&parent=37299"}],"wp:term":[{"taxonomy":"category","embeddable":true,"href":"https:\/\/aconteceunovale.com.br\/portal\/index.php?rest_route=%2Fwp%2Fv2%2Fcategories&post=37299"},{"taxonomy":"post_tag","embeddable":true,"href":"https:\/\/aconteceunovale.com.br\/portal\/index.php?rest_route=%2Fwp%2Fv2%2Ftags&post=37299"}],"curies":[{"name":"wp","href":"https:\/\/api.w.org\/{rel}","templated":true}]}}