{"id":37295,"date":"2014-08-14T11:05:57","date_gmt":"2014-08-14T14:05:57","guid":{"rendered":"http:\/\/aconteceunovale.com.br\/portal\/?p=37295"},"modified":"2014-08-14T11:07:02","modified_gmt":"2014-08-14T14:07:02","slug":"samu-divulga-edital-para-preencher-41-vagas-nos-vales-do-jequitinhonha-e-mucuri","status":"publish","type":"post","link":"https:\/\/aconteceunovale.com.br\/portal\/?p=37295","title":{"rendered":"SAMU divulga edital para preencher 41 vagas nos Vales do Jequitinhonha e Mucuri"},"content":{"rendered":"<p>O Cons\u00f3rcio Intermunicipal de Sa\u00fade da Rede de Urg\u00eancia do Nordeste\/Jequitinhonha (CISNORJE), em Minas Gerais, abriu concurso p\u00fablico edital n\u00b0 001\/2014, para provimento de cargos a serem preenchidos para o SAMU &#8211; Servi\u00e7o de Atendimento M\u00f3vel de Urg\u00eancia. (<a href=\"http:\/\/www.msmconsultoria.com.br\/2014\/cisnorje\/edt.pdf\" target=\"_blank\">Leia aqui o edital<\/a>).<\/p>\n<p>Ser\u00e3o distribu\u00eddas 41 vagas, mais cadastro de reserva, para cargos de n\u00edveis m\u00e9dio, t\u00e9cnico e superior, por sal\u00e1rios de at\u00e9 R$ 5.826,60, em carga hor\u00e1ria de 30h, 24h ou 40 horas semanais.<\/p>\n<p>Os cargos s\u00e3o de Motorista Socorrista, T\u00e9cnico em Enfermagem, M\u00e9dico e demais cargos. As vagas s\u00e3o para as cidades mineiras de \u00c1guas Formosas, Almenara, Ara\u00e7ua\u00ed, Carlos Chagas, Capelinha, Diamantina, Itamarandiba, Itambacuri, Itaobim, Jacinto, Jequitinhonha, Joa\u00edma, Malacacheta, Minas Novas, Nanuque, Novo Cruzeiro, Padre Para\u00edso, Pedra Azul, Ponto dos Volantes, Serro, Te\u00f3filo Otoni e Turmalina.<\/p>\n<p><img decoding=\"async\" src=\"http:\/\/aconteceunovale.com.br\/portal\/wp-content\/uploads\/2014\/08\/samu_teo_sede.jpg\" alt=\"\" \/><em>Sede do SAMU em Te\u00f3filo Otoni\/Foto: Divulga\u00e7\u00e3o<\/em><br \/>\n<\/br><\/p>\n<p>As inscri\u00e7\u00f5es devem ser feitas pelo site: <a href=\"http:\/\/www.msmconsultoria.com.br\/concurso.php?conc=220\" target=\"_blank\">www.msmconsultoria.com.br<\/a>, de 29 de setembro a 30 de outubro de 2014. As taxas variam de R$ 55,00 a R$ 155,00 de acordo com a fun\u00e7\u00e3o escolhida.<\/p>\n<p>As provas ocorrer\u00e3o nas cidades de Almenara, Diamantina, Itaobim, Minas Novas, Nanuque, Pedra Azul e Te\u00f3filo Otoni provavelmente no dia 07 de dezembro de 2014, podendo o candidato escolher, no ato da inscri\u00e7\u00e3o, a cidade que melhor atender a seus interesses. O gabarito ser\u00e1 publicado na data prevista de 09 de dezembro de 2014.<\/p>\n<p>O prazo de validade do concurso \u00e9 de 02 anos, a contar da publica\u00e7\u00e3o da homologa\u00e7\u00e3o, prorrog\u00e1vel uma vez por igual per\u00edodo.<\/p>\n","protected":false},"excerpt":{"rendered":"<p>O Cons\u00f3rcio Intermunicipal de Sa\u00fade da Rede de Urg\u00eancia do Nordeste\/Jequitinhonha (CISNORJE), em Minas Gerais, abriu concurso p\u00fablico edital n\u00b0 001\/2014, para provimento de cargos a serem preenchidos para o SAMU &#8211; Servi\u00e7o de Atendimento M\u00f3vel de Urg\u00eancia. (Leia aqui o edital). Ser\u00e3o distribu\u00eddas 41 vagas, mais cadastro de reserva, para cargos de n\u00edveis m\u00e9dio, [&hellip;]<\/p>\n","protected":false},"author":1,"featured_media":37296,"comment_status":"open","ping_status":"closed","sticky":false,"template":"","format":"standard","meta":{"amp_status":"","footnotes":""},"categories":[123],"tags":[1536,142,186,132,1175,13730,700,13729,13728,1018,198,149,188,391,408,611,226,137,252,175,572,455,444,13731,13727,154,164,178,206030],"class_list":["post-37295","post","type-post","status-publish","format-standard","has-post-thumbnail","hentry","category-gerais","tag-aguas-formosas","tag-almenara","tag-aracuai","tag-capelinha","tag-carlos-chagas","tag-cisnorje","tag-concurso-publico","tag-concurso-publico-do-cisnorje","tag-concurso-publico-do-samu","tag-destaque","tag-diamantina","tag-itamarandiba","tag-itambacuri","tag-itaobim","tag-jacinto","tag-joaima","tag-malacacheta","tag-minas-novas","tag-nanuque","tag-novo-cruzeiro","tag-padre-paraiso","tag-pedra-azul","tag-ponto-dos-volantes","tag-samu","tag-samu-divulga-edital-para-preencher-41-vagas-nos-vales-do-jequitinhonha-e-mucuri","tag-serro","tag-teofilo-otoni","tag-turmalina","tag-jequi"],"_links":{"self":[{"href":"https:\/\/aconteceunovale.com.br\/portal\/index.php?rest_route=\/wp\/v2\/posts\/37295","targetHints":{"allow":["GET"]}}],"collection":[{"href":"https:\/\/aconteceunovale.com.br\/portal\/index.php?rest_route=\/wp\/v2\/posts"}],"about":[{"href":"https:\/\/aconteceunovale.com.br\/portal\/index.php?rest_route=\/wp\/v2\/types\/post"}],"author":[{"embeddable":true,"href":"https:\/\/aconteceunovale.com.br\/portal\/index.php?rest_route=\/wp\/v2\/users\/1"}],"replies":[{"embeddable":true,"href":"https:\/\/aconteceunovale.com.br\/portal\/index.php?rest_route=%2Fwp%2Fv2%2Fcomments&post=37295"}],"version-history":[{"count":0,"href":"https:\/\/aconteceunovale.com.br\/portal\/index.php?rest_route=\/wp\/v2\/posts\/37295\/revisions"}],"wp:featuredmedia":[{"embeddable":true,"href":"https:\/\/aconteceunovale.com.br\/portal\/index.php?rest_route=\/wp\/v2\/media\/37296"}],"wp:attachment":[{"href":"https:\/\/aconteceunovale.com.br\/portal\/index.php?rest_route=%2Fwp%2Fv2%2Fmedia&parent=37295"}],"wp:term":[{"taxonomy":"category","embeddable":true,"href":"https:\/\/aconteceunovale.com.br\/portal\/index.php?rest_route=%2Fwp%2Fv2%2Fcategories&post=37295"},{"taxonomy":"post_tag","embeddable":true,"href":"https:\/\/aconteceunovale.com.br\/portal\/index.php?rest_route=%2Fwp%2Fv2%2Ftags&post=37295"}],"curies":[{"name":"wp","href":"https:\/\/api.w.org\/{rel}","templated":true}]}}