{"id":37276,"date":"2014-08-13T23:07:46","date_gmt":"2014-08-14T02:07:46","guid":{"rendered":"http:\/\/aconteceunovale.com.br\/portal\/?p=37276"},"modified":"2014-08-14T13:32:52","modified_gmt":"2014-08-14T16:32:52","slug":"batida-entre-caminhoes-deixa-dois-mortos-e-um-ferido-na-br-116-proximo-a-padre-paraiso","status":"publish","type":"post","link":"https:\/\/aconteceunovale.com.br\/portal\/?p=37276","title":{"rendered":"Acidente entre caminh\u00f5es deixa dois mortos e um ferido na BR-116, pr\u00f3ximo a Padre Para\u00edso"},"content":{"rendered":"<p>Duas pessoas morreram em um grave acidente na tarde desta quarta-feira, 13 de agosto, na altura do quil\u00f4metro 176 da BR-116, pr\u00f3ximo a Padre Para\u00edso, no Vale do Jequitinhonha. <\/p>\n<p>Segundo informa\u00e7\u00f5es da Pol\u00edcia Rodovi\u00e1ria Federal, Maxwel Roberto Rabelo, de 41 anos, conduzia um caminh\u00e3o-tanque quando perdeu o controle da dire\u00e7\u00e3o em uma reta e invadiu a pista contr\u00e1ria, batendo de frente com uma carreta. <\/p>\n<p>Com o impacto, o ve\u00edculo desgovernado rodou na pista e o motociclista Luciano Lopes Ferreira, de 28 anos \u2013 que vinha logo atr\u00e1s \u2013 n\u00e3o conseguiu frear, indo parar debaixo do caminh\u00e3o. Ele chegou a ser socorrido, mas morreu ao dar entrada no hospital. J\u00e1 o motorista do caminh\u00e3o n\u00e3o resistiu aos ferimentos e faleceu no local do acidente.<\/p>\n<p>\u201cAinda n\u00e3o \u00e9 poss\u00edvel dizer o que provocou o acidente, mas em um trabalho conjunto com a per\u00edcia, constatamos que antes de bater, o motorista do caminh\u00e3o-tanque freou por 25,6 metros\u201d, informou o agente da PRF respons\u00e1vel pela ocorr\u00eancia, Giovanni Ferreira Caetano. <\/p>\n<p>O motorista da carreta, \u00canio Roberto Queiroz da Silva, de 27 anos, sofreu escoria\u00e7\u00f5es pelo corpo. Ele foi socorrido pelo Servi\u00e7o de Atendimento M\u00f3vel de Urg\u00eancia (SAMU) e encaminhado ao Hospital Nossa Senhora M\u00e3e da Igreja, em Padre Para\u00edso.<\/p>\n<p>Ainda de acordo com a PRF, o tr\u00e2nsito chegou a ficar lento por alguns minutos no local. Os corpos das v\u00edtimas foram levados para o Instituto M\u00e9dico Legal de Te\u00f3filo Otoni. <\/p>\n<p><img decoding=\"async\" src=\"http:\/\/aconteceunovale.com.br\/portal\/wp-content\/uploads\/2014\/08\/acidente_pp_13_8_1.jpg\" alt=\"\" \/><\/p>\n<p><img decoding=\"async\" src=\"http:\/\/aconteceunovale.com.br\/portal\/wp-content\/uploads\/2014\/08\/acidente_pp_14_8_4.jpg\" alt=\"\" \/><\/p>\n<p><img decoding=\"async\" src=\"http:\/\/aconteceunovale.com.br\/portal\/wp-content\/uploads\/2014\/08\/acidente_pp_13_8_2.jpg\" alt=\"\" \/><\/p>\n<p><img decoding=\"async\" src=\"http:\/\/aconteceunovale.com.br\/portal\/wp-content\/uploads\/2014\/08\/acidente_pp_14_8_5.jpg\" alt=\"\" \/><\/p>\n<p><img decoding=\"async\" src=\"http:\/\/aconteceunovale.com.br\/portal\/wp-content\/uploads\/2014\/08\/acidente_pp_13_8_3.jpg\" alt=\"\" \/><\/p>\n<p><strong><em>(Fotos: Internauta \/ Reprodu\u00e7\u00e3o Inter TV dos Vales)<\/em><\/strong><\/p>\n","protected":false},"excerpt":{"rendered":"<p>Duas pessoas morreram em um grave acidente na tarde desta quarta-feira, 13 de agosto, na altura do quil\u00f4metro 176 da BR-116, pr\u00f3ximo a Padre Para\u00edso, no Vale do Jequitinhonha. Segundo informa\u00e7\u00f5es da Pol\u00edcia Rodovi\u00e1ria Federal, Maxwel Roberto Rabelo, de 41 anos, conduzia um caminh\u00e3o-tanque quando perdeu o controle da dire\u00e7\u00e3o em uma reta e invadiu [&hellip;]<\/p>\n","protected":false},"author":1,"featured_media":37279,"comment_status":"open","ping_status":"closed","sticky":false,"template":"","format":"standard","meta":{"amp_status":"","footnotes":""},"categories":[120],"tags":[13757,13718,13719,13721,13720,13717,13756,247,13755,13754,572],"class_list":["post-37276","post","type-post","status-publish","format-standard","has-post-thumbnail","hentry","category-jequi","tag-acidente-com-caminhoneiro-de-governador-valadares","tag-acidente-em-padre-paraiso","tag-acidente-em-padre-paraiso-13-de-agosto-de-2014","tag-acidente-na-br-116-13-de-agosto-de-2014","tag-acidente-na-br-116-em-padre-paraiso","tag-batida-entre-caminhoes-deixa-dois-mortos-e-um-ferido-na-br-116-proximo-a-padre-paraiso","tag-enio-roberto-queiroz-da-silva","tag-governador-valadares","tag-luciano-lopes-ferreira","tag-maxwel-roberto-rabelo","tag-padre-paraiso"],"_links":{"self":[{"href":"https:\/\/aconteceunovale.com.br\/portal\/index.php?rest_route=\/wp\/v2\/posts\/37276","targetHints":{"allow":["GET"]}}],"collection":[{"href":"https:\/\/aconteceunovale.com.br\/portal\/index.php?rest_route=\/wp\/v2\/posts"}],"about":[{"href":"https:\/\/aconteceunovale.com.br\/portal\/index.php?rest_route=\/wp\/v2\/types\/post"}],"author":[{"embeddable":true,"href":"https:\/\/aconteceunovale.com.br\/portal\/index.php?rest_route=\/wp\/v2\/users\/1"}],"replies":[{"embeddable":true,"href":"https:\/\/aconteceunovale.com.br\/portal\/index.php?rest_route=%2Fwp%2Fv2%2Fcomments&post=37276"}],"version-history":[{"count":0,"href":"https:\/\/aconteceunovale.com.br\/portal\/index.php?rest_route=\/wp\/v2\/posts\/37276\/revisions"}],"wp:featuredmedia":[{"embeddable":true,"href":"https:\/\/aconteceunovale.com.br\/portal\/index.php?rest_route=\/wp\/v2\/media\/37279"}],"wp:attachment":[{"href":"https:\/\/aconteceunovale.com.br\/portal\/index.php?rest_route=%2Fwp%2Fv2%2Fmedia&parent=37276"}],"wp:term":[{"taxonomy":"category","embeddable":true,"href":"https:\/\/aconteceunovale.com.br\/portal\/index.php?rest_route=%2Fwp%2Fv2%2Fcategories&post=37276"},{"taxonomy":"post_tag","embeddable":true,"href":"https:\/\/aconteceunovale.com.br\/portal\/index.php?rest_route=%2Fwp%2Fv2%2Ftags&post=37276"}],"curies":[{"name":"wp","href":"https:\/\/api.w.org\/{rel}","templated":true}]}}