{"id":37273,"date":"2014-08-13T22:47:30","date_gmt":"2014-08-14T01:47:30","guid":{"rendered":"http:\/\/aconteceunovale.com.br\/portal\/?p=37273"},"modified":"2014-08-13T22:47:30","modified_gmt":"2014-08-14T01:47:30","slug":"policia-recaptura-fugitivo-da-cadeia-de-ipatinga","status":"publish","type":"post","link":"https:\/\/aconteceunovale.com.br\/portal\/?p=37273","title":{"rendered":"Pol\u00edcia recaptura fugitivo da cadeia de Ipatinga"},"content":{"rendered":"<h4><strong><em>Assaltante estava escondido em uma casa. Ele estava foragido desde o dia 8 de julho.<\/em><\/strong><\/h4>\n<p>Foi recapturado na madrugada dessa quarta-feira (13), em uma casa na cidade de Santana do Para\u00edso, Davi Loyola Fernandes, fugitivo da delegacia de Ipatinga desde o dia 8 de julho.<\/p>\n<p>Segundo a delegada Amanda Morais desde a semana passada a pol\u00edcia vinha recebido den\u00fancias de que Davi estaria na regi\u00e3o. Ainda de acordo com a delegada, na madrugada desta ter\u00e7a-feira, a pol\u00edcia obteve informa\u00e7\u00f5es precisas de que ele estava em uma resid\u00eancia em Santana do Para\u00edso.<\/p>\n<p><img decoding=\"async\" src=\"http:\/\/aconteceunovale.com.br\/portal\/wp-content\/uploads\/2014\/08\/davi_loiola_recapturado.jpg\" alt=\"\" \/><em>Davi Loyola foi recapturado em Santana do Para\u00edso (Foto: Wilkson Tarres\/G1)<\/em><br \/>\n<\/br><\/p>\n<p>O delegado Ricardo Cesari, um dos respons\u00e1veis pela opera\u00e7\u00e3o de recaptura de Davi, contou que a\u00e7\u00e3o teve que ser muito bem organizada e eficaz devido a grande periculosidade do bandido.<\/p>\n<p>\u201cMontamos um esquema forte com a presen\u00e7a de muitos policiais para que nada desse errado. Ficamos de campana na casa e cercamos os fundos, pois atr\u00e1s da casa o acesso \u00e9 um matagal, local de f\u00e1cil acesso para outra fuga\u201d, explica.<\/p>\n<p>Ricardo Cesari disse que o grande esquema n\u00e3o foi inv\u00e1lido, pois Davi Loyola tentou fugir novamente e pulou para a casa ao lado. \u201cNo momento que percebeu a presen\u00e7a da pol\u00edcia fugiu para uma casa anexa. Em uma a\u00e7\u00e3o r\u00e1pida fizemos a varredura e o achamos escondido no banheiro\u201d, finaliza.<\/p>\n<p><strong><em>(Inter TV dos Vales)<\/em><\/strong><\/p>\n","protected":false},"excerpt":{"rendered":"<p>Assaltante estava escondido em uma casa. Ele estava foragido desde o dia 8 de julho. Foi recapturado na madrugada dessa quarta-feira (13), em uma casa na cidade de Santana do Para\u00edso, Davi Loyola Fernandes, fugitivo da delegacia de Ipatinga desde o dia 8 de julho. Segundo a delegada Amanda Morais desde a semana passada a [&hellip;]<\/p>\n","protected":false},"author":1,"featured_media":37274,"comment_status":"open","ping_status":"closed","sticky":false,"template":"","format":"standard","meta":{"amp_status":"","footnotes":""},"categories":[121],"tags":[10820,201,13716,2101],"class_list":["post-37273","post","type-post","status-publish","format-standard","has-post-thumbnail","hentry","category-leste","tag-davi-loyola-fernandes","tag-ipatinga","tag-policia-recaptura-fugitivo-da-cadeia-de-ipatinga","tag-santana-do-paraiso"],"_links":{"self":[{"href":"https:\/\/aconteceunovale.com.br\/portal\/index.php?rest_route=\/wp\/v2\/posts\/37273","targetHints":{"allow":["GET"]}}],"collection":[{"href":"https:\/\/aconteceunovale.com.br\/portal\/index.php?rest_route=\/wp\/v2\/posts"}],"about":[{"href":"https:\/\/aconteceunovale.com.br\/portal\/index.php?rest_route=\/wp\/v2\/types\/post"}],"author":[{"embeddable":true,"href":"https:\/\/aconteceunovale.com.br\/portal\/index.php?rest_route=\/wp\/v2\/users\/1"}],"replies":[{"embeddable":true,"href":"https:\/\/aconteceunovale.com.br\/portal\/index.php?rest_route=%2Fwp%2Fv2%2Fcomments&post=37273"}],"version-history":[{"count":0,"href":"https:\/\/aconteceunovale.com.br\/portal\/index.php?rest_route=\/wp\/v2\/posts\/37273\/revisions"}],"wp:featuredmedia":[{"embeddable":true,"href":"https:\/\/aconteceunovale.com.br\/portal\/index.php?rest_route=\/wp\/v2\/media\/37274"}],"wp:attachment":[{"href":"https:\/\/aconteceunovale.com.br\/portal\/index.php?rest_route=%2Fwp%2Fv2%2Fmedia&parent=37273"}],"wp:term":[{"taxonomy":"category","embeddable":true,"href":"https:\/\/aconteceunovale.com.br\/portal\/index.php?rest_route=%2Fwp%2Fv2%2Fcategories&post=37273"},{"taxonomy":"post_tag","embeddable":true,"href":"https:\/\/aconteceunovale.com.br\/portal\/index.php?rest_route=%2Fwp%2Fv2%2Ftags&post=37273"}],"curies":[{"name":"wp","href":"https:\/\/api.w.org\/{rel}","templated":true}]}}