{"id":37253,"date":"2014-08-13T19:52:11","date_gmt":"2014-08-13T22:52:11","guid":{"rendered":"http:\/\/aconteceunovale.com.br\/portal\/?p=37253"},"modified":"2014-08-13T20:08:16","modified_gmt":"2014-08-13T23:08:16","slug":"copiloto-do-aviao-de-eduardo-campos-era-de-governador-valadares-no-leste-de-minas","status":"publish","type":"post","link":"https:\/\/aconteceunovale.com.br\/portal\/?p=37253","title":{"rendered":"Copiloto do avi\u00e3o de Eduardo Campos nasceu em Governador Valadares, no Leste de Minas"},"content":{"rendered":"<p>O acidente a\u00e9reo que matou o candidato a presidente da rep\u00fablica, Eduardo Henrique Accioly Campos (PSB), vitimou tamb\u00e9m a vida de um filho de Governador Valadares. Geraldo Magela Barbosa da Cunha era piloto e atuava como copiloto do avi\u00e3o que caiu na manh\u00e3 desta quarta-feira, 13 de agosto, no Bairro Boqueir\u00e3o, em Santos, no Litoral Paulista. Ele foi criado no bairro S\u00e3o Pedro, na cidade do Leste de Minas Gerais.<\/p>\n<p>Al\u00e9m do candidato e o piloto valadarense, outras cinco pessoas morreram no acidente. Foram confirmadas as mortes do fot\u00f3grafo Alexandre Severo Gomes e Silva, o assessor de imprensa Carlos Augusto Leal Filho (Carlos Percol), o assessor pessoal Pedro Valadares Neto e o cinegrafista Marcelo Lira, al\u00e9m do piloto Marcos Martins. A candidata \u00e0 vice-presidente, Marina Silva, n\u00e3o estava no avi\u00e3o.<\/p>\n<p>Segundo a Aeron\u00e1utica, o avi\u00e3o modelo Cessna 560 XL decolou do Aeroporto Santos Dumont, no Rio de Janeiro, com destino ao aeroporto do Guaruj\u00e1. Quando a aeronave preparava para o pouso, arremeteu devido ao mau tempo. Em seguida, o controle de tr\u00e1fego a\u00e9reo perdeu contato com a aeronave. A Aeron\u00e1utica j\u00e1 iniciou as investiga\u00e7\u00f5es sobre as causas do acidente.<\/p>\n<p><img decoding=\"async\" src=\"http:\/\/aconteceunovale.com.br\/portal\/wp-content\/uploads\/2014\/08\/piloto_aviao_campos.jpg\" alt=\"\" \/><em>Valadarense morreu no acidente envolvendo o candidato a presidente do Brasil \u2013 Foto: Arquivo da Fam\u00edlia<\/em><br \/>\n<\/br><\/p>\n<p><strong><\/p>\n<h4>V\u00edtima Valadarense<\/h4>\n<p><\/strong><\/p>\n<p>Geraldo Magela, carinhosamente conhecido como \u201cMagelinha\u201d, por familiares e amigos, era valadarense e completaria 45 anos no dia 15 de setembro. Casado, ele deixou um filho de 4 anos e a esposa, que mora nos Estados Unidos e est\u00e1 gr\u00e1vida de uma menina. Ela viajaria para o Brasil na pr\u00f3xima segunda para encontrar o marido e familiares.<\/p>\n<p>De acordo com Eduardo Cunha, irm\u00e3o de Geraldo Magela, como muitos valadarenses, ele migrou para os Estados Unidos no fim dos anos 80 e in\u00edcio de 90 e trabalhou e estudou para realizar o sonho de ser piloto de avi\u00e3o. &#8220;Ele foi naquela primeira leva de imigrantes que foram para a &#8216;Am\u00e9rica&#8217;. L\u00e1 ele trabalhou em um cassino em Atlantic City, onde morava. O sonho dele era ser piloto de avi\u00e3o, ent\u00e3o estudou para isso e conseguiu&#8221;, contou Eduardo.<\/p>\n<p>O irm\u00e3o disse que Geraldo Magela trabalhou por muitos anos como piloto nos USA, voltando ao Brasil quando o pa\u00eds norte americano entrou em crise, o que o levou a ficar desempregado. &#8220;Com a crise, o Magela ficou desempregado e como aqui no Brasil o mercado para pilotos estava crescendo, ele voltou ao pa\u00eds. Aqui trabalhou na TAM e atualmente trabalhava como piloto privado. Ele era muito competente e experiente como piloto&#8221;, assegurou.<\/p>\n<p>Eduardo disse que n\u00e3o sabia que o irm\u00e3o estava trabalhando no voo acidentado e que assistia \u00e0 not\u00edcia pela televis\u00e3o quando um parente ligou dizendo que Geraldo estava no avi\u00e3o acidentado. &#8220;N\u00e3o sabia que ele estava trabalhando na campanha. Eu estava vendo o acidente pela televis\u00e3o quando uma tia me ligou de Tim\u00f3teo [no Vale do A\u00e7o] e disse: &#8216;seu irm\u00e3o trabalha para esse homem que morreu no acidente&#8217;. Ai fiquei sabendo que ele estava como copiloto naquele voo. Na hora n\u00e3o acreditei mas, minha m\u00e3e, que estava em uma consulta viu falarem o nome dele na TV e me ligou contando&#8221;, contou sem esconder o choque com a not\u00edcia.<\/p>\n<p>A esposa e o filho de Geraldo Magela moram nos Estados Unidos da Am\u00e9rica e estavam de passagem marcada para a pr\u00f3xima segunda-feira para o Brasil. Geraldo, em telefonema recente, disse \u00e0 m\u00e3e, Odete Cunha, de 86 anos, que &#8220;estava com saudades e n\u00e3o via a hora de encontra a prole&#8221;, referindo-se ao filho e a esposa, que est\u00e1 gr\u00e1vida de uma menina.<\/p>\n<p>Magela era, segundo amigos e familiares, apaixonado pelo voo, chegando inclusive a praticar voo livre com asa delta em Governador Valadares.<\/p>\n<p><strong><em>(Aconteceu no Vale \/ Di\u00e1rio do Rio Doce)<\/em><\/strong><\/p>\n","protected":false},"excerpt":{"rendered":"<p>O acidente a\u00e9reo que matou o candidato a presidente da rep\u00fablica, Eduardo Henrique Accioly Campos (PSB), vitimou tamb\u00e9m a vida de um filho de Governador Valadares. Geraldo Magela Barbosa da Cunha era piloto e atuava como copiloto do avi\u00e3o que caiu na manh\u00e3 desta quarta-feira, 13 de agosto, no Bairro Boqueir\u00e3o, em Santos, no Litoral [&hellip;]<\/p>\n","protected":false},"author":1,"featured_media":37254,"comment_status":"open","ping_status":"closed","sticky":false,"template":"","format":"standard","meta":{"amp_status":"","footnotes":""},"categories":[121],"tags":[13655,13673,13678,13647,13648,13690,13689,13671,13665,13677,13658,13706,13709,1018,7630,13654,13667,13651,13653,13652,13649,13662,13668,13707,247,13676,13674,13660,13708,13672,13669,13679,13656,13657,13664,13663,13675,13661,13670,13659,13650,13691,13693,13692],"class_list":["post-37253","post","type-post","status-publish","format-standard","has-post-thumbnail","hentry","category-leste","tag-acidente-com-eduardo-campos","tag-alexandre-gomes-e-silva","tag-alexandre-severo","tag-aviao-do-candidato-a-presidente-eduardo-campos-cai-em-sao-paulo","tag-aviao-do-candidato-eduardo-campos","tag-candidato-a-presidencia-do-brasil-morre-em-acidente-aereo-no-litoral-de-sao-paulo","tag-candidato-a-presidente-do-brasil-morre-em-acidente-aereo-no-litoral-de-sao-paulo","tag-carlos-augusto-leal-filho","tag-carlos-augusto-percol","tag-carlos-percol","tag-causa-da-morte-de-eduardo-campos","tag-copiloto-do-aviao-de-eduardo-campos-era-de-governador-valadares-no-leste-de-minas","tag-copiloto-do-aviao-de-eduardo-campos-nasceu-em-governador-valadares-no-leste-de-minas","tag-destaque","tag-eduardo-campos","tag-eduardo-campos-morre","tag-eduardo-campos-morre-em-acidente-aereo-no-litoral-de-sao-paulo","tag-eduardo-campos-morre-em-acidente-com-aviao-em-sao-paulo","tag-eduardo-campos-morre-em-santos","tag-eduardo-campos-morre-em-sao-paulo","tag-estado-de-saude-do-candidato-eduardo-campos","tag-fotografo-alexandre-severo-silva","tag-geraldo-m-p-da-cunha","tag-geraldo-magela-barbosa-da-cunha","tag-governador-valadares","tag-informacoes-sobre-a-morte-de-eduardo-campos","tag-lista-de-mortos-no-acidente-de-aviao-que-matou-eduardo-campos","tag-local-onde-caiu-o-aviao-do-eduardo-campos","tag-magelinha","tag-marcelo-lira","tag-marcos-martins","tag-marina-silva-aviao-do-eduardo-campos","tag-morre-eduardo-campos","tag-morte-de-eduardo-campos","tag-morte-do-assessor-de-imprensa-do-eduardo-campos","tag-morte-do-fotogrado-de-eduardo-campos","tag-noticia-sobre-a-morte-de-eduardo-campos","tag-o-candidato-a-presidencia-da-republica-eduardo-campos-psb-morreu-em-um-acidente-aereo-na-manha-desta-terca-feira-13-de-agosto-em-santos-no-litoral-de-sao-paulo","tag-pedro-valadares-neto","tag-queda-do-aviao-do-eduardo-campos-em-santos","tag-situacao-do-candidato-eduardo-campos","tag-sonho-interrompido-morre-eduardo-campos-em-acidente-aereo-no-litoral-de-sao-paulo","tag-sonho-interrompido-candidato-a-presidente-do-brasil-morre-em-acidente-aereo-no-litoral-de-sao-paulo","tag-sonho-interrompido-eduardo-campos-morre-em-acidente-aereo-no-litoral-de-sao-paulo"],"_links":{"self":[{"href":"https:\/\/aconteceunovale.com.br\/portal\/index.php?rest_route=\/wp\/v2\/posts\/37253","targetHints":{"allow":["GET"]}}],"collection":[{"href":"https:\/\/aconteceunovale.com.br\/portal\/index.php?rest_route=\/wp\/v2\/posts"}],"about":[{"href":"https:\/\/aconteceunovale.com.br\/portal\/index.php?rest_route=\/wp\/v2\/types\/post"}],"author":[{"embeddable":true,"href":"https:\/\/aconteceunovale.com.br\/portal\/index.php?rest_route=\/wp\/v2\/users\/1"}],"replies":[{"embeddable":true,"href":"https:\/\/aconteceunovale.com.br\/portal\/index.php?rest_route=%2Fwp%2Fv2%2Fcomments&post=37253"}],"version-history":[{"count":0,"href":"https:\/\/aconteceunovale.com.br\/portal\/index.php?rest_route=\/wp\/v2\/posts\/37253\/revisions"}],"wp:featuredmedia":[{"embeddable":true,"href":"https:\/\/aconteceunovale.com.br\/portal\/index.php?rest_route=\/wp\/v2\/media\/37254"}],"wp:attachment":[{"href":"https:\/\/aconteceunovale.com.br\/portal\/index.php?rest_route=%2Fwp%2Fv2%2Fmedia&parent=37253"}],"wp:term":[{"taxonomy":"category","embeddable":true,"href":"https:\/\/aconteceunovale.com.br\/portal\/index.php?rest_route=%2Fwp%2Fv2%2Fcategories&post=37253"},{"taxonomy":"post_tag","embeddable":true,"href":"https:\/\/aconteceunovale.com.br\/portal\/index.php?rest_route=%2Fwp%2Fv2%2Ftags&post=37253"}],"curies":[{"name":"wp","href":"https:\/\/api.w.org\/{rel}","templated":true}]}}