{"id":37248,"date":"2014-08-13T18:43:34","date_gmt":"2014-08-13T21:43:34","guid":{"rendered":"http:\/\/aconteceunovale.com.br\/portal\/?p=37248"},"modified":"2014-08-13T18:43:49","modified_gmt":"2014-08-13T21:43:49","slug":"posto-de-vendas-do-ifmgsje-volta-a-comercializar-derivados-do-leite","status":"publish","type":"post","link":"https:\/\/aconteceunovale.com.br\/portal\/?p=37248","title":{"rendered":"Posto de vendas do IFMG\/SJE volta a comercializar derivados do leite"},"content":{"rendered":"<p>Ap\u00f3s mais de um ano adequando o setor de agroind\u00fastria \u00e0s exig\u00eancias do Instituto Mineiro de Agropecu\u00e1ria (IMA) de forma a conseguir o registro para os derivados do leite e da carne, o campus S\u00e3o Jo\u00e3o Evangelista informa que, a partir das 15h00 desta quarta-feira, dia 13\/08\/2014, o Posto de Vendas voltou a comercializar produtos derivados de leite.<\/p>\n<p>Tanto os produtos derivados do leite, quanto os derivados da carne ter\u00e3o nova rotulagem, j\u00e1 com o n\u00famero do registro impresso. Desta forma, toda a produ\u00e7\u00e3o do setor de agroind\u00fastria passar\u00e1, obrigatoriamente, por fiscaliza\u00e7\u00e3o constante do IMA, possibilitando oferecer cada vez mais seguran\u00e7a e sa\u00fade aos consumidores, al\u00e9m de manter o sabor e a qualidade tradicionais.<\/p>\n<p><img decoding=\"async\" src=\"http:\/\/aconteceunovale.com.br\/portal\/wp-content\/uploads\/2014\/08\/entrada_ifmg_sje.jpg\" alt=\"\" \/><em>(Foto: Reprodu\u00e7\u00e3o\/Facebook &#8211; Informa\u00e7\u00f5es: Ascom IFMG\/SJE)<\/em><\/p>\n","protected":false},"excerpt":{"rendered":"<p>Ap\u00f3s mais de um ano adequando o setor de agroind\u00fastria \u00e0s exig\u00eancias do Instituto Mineiro de Agropecu\u00e1ria (IMA) de forma a conseguir o registro para os derivados do leite e da carne, o campus S\u00e3o Jo\u00e3o Evangelista informa que, a partir das 15h00 desta quarta-feira, dia 13\/08\/2014, o Posto de Vendas voltou a comercializar produtos [&hellip;]<\/p>\n","protected":false},"author":1,"featured_media":37249,"comment_status":"open","ping_status":"closed","sticky":false,"template":"","format":"standard","meta":{"amp_status":"","footnotes":""},"categories":[121],"tags":[13703,162],"class_list":["post-37248","post","type-post","status-publish","format-standard","has-post-thumbnail","hentry","category-leste","tag-posto-de-vendas-do-ifmgsje-volta-a-comercializar-derivados-do-leite","tag-sao-joao-evangelista"],"_links":{"self":[{"href":"https:\/\/aconteceunovale.com.br\/portal\/index.php?rest_route=\/wp\/v2\/posts\/37248","targetHints":{"allow":["GET"]}}],"collection":[{"href":"https:\/\/aconteceunovale.com.br\/portal\/index.php?rest_route=\/wp\/v2\/posts"}],"about":[{"href":"https:\/\/aconteceunovale.com.br\/portal\/index.php?rest_route=\/wp\/v2\/types\/post"}],"author":[{"embeddable":true,"href":"https:\/\/aconteceunovale.com.br\/portal\/index.php?rest_route=\/wp\/v2\/users\/1"}],"replies":[{"embeddable":true,"href":"https:\/\/aconteceunovale.com.br\/portal\/index.php?rest_route=%2Fwp%2Fv2%2Fcomments&post=37248"}],"version-history":[{"count":0,"href":"https:\/\/aconteceunovale.com.br\/portal\/index.php?rest_route=\/wp\/v2\/posts\/37248\/revisions"}],"wp:featuredmedia":[{"embeddable":true,"href":"https:\/\/aconteceunovale.com.br\/portal\/index.php?rest_route=\/wp\/v2\/media\/37249"}],"wp:attachment":[{"href":"https:\/\/aconteceunovale.com.br\/portal\/index.php?rest_route=%2Fwp%2Fv2%2Fmedia&parent=37248"}],"wp:term":[{"taxonomy":"category","embeddable":true,"href":"https:\/\/aconteceunovale.com.br\/portal\/index.php?rest_route=%2Fwp%2Fv2%2Fcategories&post=37248"},{"taxonomy":"post_tag","embeddable":true,"href":"https:\/\/aconteceunovale.com.br\/portal\/index.php?rest_route=%2Fwp%2Fv2%2Ftags&post=37248"}],"curies":[{"name":"wp","href":"https:\/\/api.w.org\/{rel}","templated":true}]}}