{"id":37203,"date":"2014-08-13T13:05:04","date_gmt":"2014-08-13T16:05:04","guid":{"rendered":"http:\/\/aconteceunovale.com.br\/portal\/?p=37203"},"modified":"2014-08-13T15:22:24","modified_gmt":"2014-08-13T18:22:24","slug":"eduardo-campos-morre-em-acidente-com-aviao-em-sao-paulo","status":"publish","type":"post","link":"https:\/\/aconteceunovale.com.br\/portal\/?p=37203","title":{"rendered":"Sonho interrompido! Candidato a presidente do Brasil morre em acidente a\u00e9reo no litoral de S\u00e3o Paulo"},"content":{"rendered":"<p>O candidato \u00e0 presid\u00eancia da rep\u00fablica, Eduardo Henrique Accioly Campos (PSB), morreu aos 49 anos em um acidente a\u00e9reo na manh\u00e3 desta ter\u00e7a-feira, 13 de agosto, em Santos, no litoral de S\u00e3o Paulo. De acordo com informa\u00e7\u00f5es da Pol\u00edcia Militar, o avi\u00e3o caiu sobre casas na Rua Conselheiro Nebias, no bairro Boqueir\u00e3o. Sete pessoas, sendo cinco passageiros e dois pilotos, estavam a bordo da aeronave, todos morreram presos \u00e0s ferragens. <\/p>\n<p>Al\u00e9m do candidato, outras seis pessoas morreram no acidente. Foram confirmadas as mortes do fot\u00f3grafo Alexandre Severo Gomes e Silva, o assessor de imprensa Carlos Augusto Leal Filho (Carlos Percol), o assessor pessoal Pedro Valadares Neto e o cinegrafista Marcelo Lira, al\u00e9m dos dois pilotos, Geraldo M. P. da cunha e Marcos Martins. A candidata \u00e0 vice-presidente, Marina Silva, n\u00e3o estava no avi\u00e3o.<\/p>\n<p>Segundo a Aeron\u00e1utica, o avi\u00e3o modelo Cessna 560 XL decolou do Aeroporto Santos Dumont, no Rio de Janeiro, com destino ao aeroporto do Guaruj\u00e1. Quando a aeronave preparava para o pouso, arremeteu devido ao mau tempo. Em seguida, o controle de tr\u00e1fego a\u00e9reo perdeu contato com a aeronave. A Aeron\u00e1utica j\u00e1 iniciou as investiga\u00e7\u00f5es sobre as causas do acidente.<\/p>\n<p><img decoding=\"async\" src=\"http:\/\/aconteceunovale.com.br\/portal\/wp-content\/uploads\/2014\/08\/eduardo_campos_acidente_aviao_1.jpg\" alt=\"\" \/><em>(Candidato morreu preso \u00e0s ferragens do avi\u00e3o &#8211; Foto: Divulga\u00e7\u00e3o)<\/em><br \/>\n<\/br><\/p>\n<h4><strong>Avi\u00e3o estava em dia<\/strong><\/h4>\n<p>Segundo relat\u00f3rio da Ag\u00eancia Nacional de Avia\u00e7\u00e3o Civil (Anac), a manuten\u00e7\u00e3o anual do avi\u00e3o estava em dia, com validade at\u00e9 14 de fevereiro de 2015. O avi\u00e3o foi inspecionado em fevereiro deste ano.<\/p>\n<p>O Certificado de Aero navegabilidade (CA), que atesta as condi\u00e7\u00f5es da aeronave, tinha data de validade em 22 de fevereiro de 2017. Ainda de acordo com a assessoria de imprensa da Anac, a documenta\u00e7\u00e3o do piloto tamb\u00e9m estava em dia. O avi\u00e3o tinha capacidade para transportar 12 passageiros.<\/p>\n<p><img decoding=\"async\" src=\"http:\/\/aconteceunovale.com.br\/portal\/wp-content\/uploads\/2014\/08\/eduardo_campos_acidente_aviao_2.jpg\" alt=\"\" \/><em>(Local da queda de aeronave em Santos, no litoral paulista &#8211; Futura Press)<\/em><br \/>\n<\/br><\/p>\n<p><img decoding=\"async\" src=\"http:\/\/aconteceunovale.com.br\/portal\/wp-content\/uploads\/2014\/08\/eduardo_campos_acidente_aviao_3.jpg\" alt=\"\" \/><em>(Local da queda de aeronave em Santos, no litoral paulista &#8211; Futura Press)<\/em><br \/>\n<\/br><\/p>\n<h4><strong>Eduardo Campos<\/strong><\/h4>\n<p>Pernambucano e neto de Miguel Arraes, era filho de Maximiliano Arraes e da ex-deputada federal e ministra do Tribunal de Contas da Uni\u00e3o Ana Arraes. Duas vezes governador de Pernambuco, Eduardo Campos tamb\u00e9m foi deputado estadual, tr\u00eas vezes deputado federal, secret\u00e1rio estadual de Governo e de Fazenda e ministro no governo do ex-presidente Luiz In\u00e1cio Lula da Silva.<\/p>\n<p>Formado em economia na Universidade Federal de Pernambuco, Campos concorria pela primeira vez ao cargo mais importante da pol\u00edtica brasileira.<\/p>\n<p>Ontem (12), Campos cumpriu agenda de campanha no Rio de Janeiro de onde decolou hoje pela manh\u00e3 para S\u00e3o Paulo. Ele teria agenda em Santos, no litoral do estado. Estava prevista entrevista coletiva na Praia do Mercado, \u00e0s 10h30, e depois participaria de um semin\u00e1rio. No final da tarde, daria nova entrevista em S\u00e3o Paulo.<\/p>\n<p>Com grande popularidade em Pernambuco e bom tr\u00e2nsito entre todas as correntes pol\u00edticas, campos come\u00e7ou a carreira pol\u00edtica ainda na universidade, como presidente do Diret\u00f3rio Acad\u00eamico da Faculdade de Economia da Universidade Federal de Pernambuco.<\/p>\n","protected":false},"excerpt":{"rendered":"<p>O candidato \u00e0 presid\u00eancia da rep\u00fablica, Eduardo Henrique Accioly Campos (PSB), morreu aos 49 anos em um acidente a\u00e9reo na manh\u00e3 desta ter\u00e7a-feira, 13 de agosto, em Santos, no litoral de S\u00e3o Paulo. De acordo com informa\u00e7\u00f5es da Pol\u00edcia Militar, o avi\u00e3o caiu sobre casas na Rua Conselheiro Nebias, no bairro Boqueir\u00e3o. Sete pessoas, sendo [&hellip;]<\/p>\n","protected":false},"author":1,"featured_media":37204,"comment_status":"open","ping_status":"closed","sticky":false,"template":"","format":"standard","meta":{"amp_status":"","footnotes":""},"categories":[6],"tags":[13655,13673,13678,13647,13648,13690,13689,13671,13665,13677,13658,1018,7630,13654,13667,13651,13653,13652,13649,13662,13668,13676,13674,13660,13672,13669,13679,13656,13657,13664,13663,13675,13661,13670,13659,13650,13691,13693,13692],"class_list":["post-37203","post","type-post","status-publish","format-standard","has-post-thumbnail","hentry","category-br","tag-acidente-com-eduardo-campos","tag-alexandre-gomes-e-silva","tag-alexandre-severo","tag-aviao-do-candidato-a-presidente-eduardo-campos-cai-em-sao-paulo","tag-aviao-do-candidato-eduardo-campos","tag-candidato-a-presidencia-do-brasil-morre-em-acidente-aereo-no-litoral-de-sao-paulo","tag-candidato-a-presidente-do-brasil-morre-em-acidente-aereo-no-litoral-de-sao-paulo","tag-carlos-augusto-leal-filho","tag-carlos-augusto-percol","tag-carlos-percol","tag-causa-da-morte-de-eduardo-campos","tag-destaque","tag-eduardo-campos","tag-eduardo-campos-morre","tag-eduardo-campos-morre-em-acidente-aereo-no-litoral-de-sao-paulo","tag-eduardo-campos-morre-em-acidente-com-aviao-em-sao-paulo","tag-eduardo-campos-morre-em-santos","tag-eduardo-campos-morre-em-sao-paulo","tag-estado-de-saude-do-candidato-eduardo-campos","tag-fotografo-alexandre-severo-silva","tag-geraldo-m-p-da-cunha","tag-informacoes-sobre-a-morte-de-eduardo-campos","tag-lista-de-mortos-no-acidente-de-aviao-que-matou-eduardo-campos","tag-local-onde-caiu-o-aviao-do-eduardo-campos","tag-marcelo-lira","tag-marcos-martins","tag-marina-silva-aviao-do-eduardo-campos","tag-morre-eduardo-campos","tag-morte-de-eduardo-campos","tag-morte-do-assessor-de-imprensa-do-eduardo-campos","tag-morte-do-fotogrado-de-eduardo-campos","tag-noticia-sobre-a-morte-de-eduardo-campos","tag-o-candidato-a-presidencia-da-republica-eduardo-campos-psb-morreu-em-um-acidente-aereo-na-manha-desta-terca-feira-13-de-agosto-em-santos-no-litoral-de-sao-paulo","tag-pedro-valadares-neto","tag-queda-do-aviao-do-eduardo-campos-em-santos","tag-situacao-do-candidato-eduardo-campos","tag-sonho-interrompido-morre-eduardo-campos-em-acidente-aereo-no-litoral-de-sao-paulo","tag-sonho-interrompido-candidato-a-presidente-do-brasil-morre-em-acidente-aereo-no-litoral-de-sao-paulo","tag-sonho-interrompido-eduardo-campos-morre-em-acidente-aereo-no-litoral-de-sao-paulo"],"_links":{"self":[{"href":"https:\/\/aconteceunovale.com.br\/portal\/index.php?rest_route=\/wp\/v2\/posts\/37203","targetHints":{"allow":["GET"]}}],"collection":[{"href":"https:\/\/aconteceunovale.com.br\/portal\/index.php?rest_route=\/wp\/v2\/posts"}],"about":[{"href":"https:\/\/aconteceunovale.com.br\/portal\/index.php?rest_route=\/wp\/v2\/types\/post"}],"author":[{"embeddable":true,"href":"https:\/\/aconteceunovale.com.br\/portal\/index.php?rest_route=\/wp\/v2\/users\/1"}],"replies":[{"embeddable":true,"href":"https:\/\/aconteceunovale.com.br\/portal\/index.php?rest_route=%2Fwp%2Fv2%2Fcomments&post=37203"}],"version-history":[{"count":0,"href":"https:\/\/aconteceunovale.com.br\/portal\/index.php?rest_route=\/wp\/v2\/posts\/37203\/revisions"}],"wp:featuredmedia":[{"embeddable":true,"href":"https:\/\/aconteceunovale.com.br\/portal\/index.php?rest_route=\/wp\/v2\/media\/37204"}],"wp:attachment":[{"href":"https:\/\/aconteceunovale.com.br\/portal\/index.php?rest_route=%2Fwp%2Fv2%2Fmedia&parent=37203"}],"wp:term":[{"taxonomy":"category","embeddable":true,"href":"https:\/\/aconteceunovale.com.br\/portal\/index.php?rest_route=%2Fwp%2Fv2%2Fcategories&post=37203"},{"taxonomy":"post_tag","embeddable":true,"href":"https:\/\/aconteceunovale.com.br\/portal\/index.php?rest_route=%2Fwp%2Fv2%2Ftags&post=37203"}],"curies":[{"name":"wp","href":"https:\/\/api.w.org\/{rel}","templated":true}]}}