{"id":37201,"date":"2014-08-13T12:27:02","date_gmt":"2014-08-13T15:27:02","guid":{"rendered":"http:\/\/aconteceunovale.com.br\/portal\/?p=37201"},"modified":"2014-08-13T12:27:02","modified_gmt":"2014-08-13T15:27:02","slug":"fazendeiro-de-caratinga-e-denunciado-por-trabalho-escravo","status":"publish","type":"post","link":"https:\/\/aconteceunovale.com.br\/portal\/?p=37201","title":{"rendered":"Fazendeiro de Caratinga \u00e9 denunciado por trabalho escravo"},"content":{"rendered":"<p>O produtor de caf\u00e9 Jos\u00e9 Wilson Silv\u00e9rio da Silva foi denunciado pelo Minist\u00e9rio P\u00fablico Federal (MPF) por submeter seus funcion\u00e1rios a trabalho an\u00e1logo a escravid\u00e3o. Al\u00e9m desse crime, ele responder\u00e1 por aliciamento de trabalhadores e por frustra\u00e7\u00e3o de direitos trabalhistas. Um empregado do suspeito tamb\u00e9m foi denunciado pelo \u00f3rg\u00e3o.<\/p>\n<p>Segundo o MPF, Jos\u00e9 Wilson \u00e9 o propriet\u00e1rio da Fazenda Boa Vista, em Caratinga, na regi\u00e3o do Vale do Rio Doce. <a href=\"http:\/\/aconteceunovale.com.br\/portal\/?p=30374\" target=\"_blank\">De acordo com a den\u00fancia, 20 pessoas, inclusive um menor, foram recrutados no munic\u00edpio de Jenipapo de Minas, no Vale do Jequitinhonha, a 500 km de Caratinga, para trabalharem na lavoura de caf\u00e9 da Fazenda Boa Vista<\/a>.<\/p>\n<p>L\u00e1, os trabalhadores foram alojados em duas casas r\u00fasticas de alvenaria em p\u00e9ssimo estado de conserva\u00e7\u00e3o, sem qualquer condi\u00e7\u00e3o de higiene e conforto. Em uma das casas n\u00e3o havia nenhuma janela para ventila\u00e7\u00e3o e ilumina\u00e7\u00e3o. As \u201ccamas\u201d, conforme a den\u00fancia, eram feitas de pe\u00e7as de madeiras de eucalipto fixadas nas paredes dos pr\u00f3prios c\u00f4modos. Na outra casa, os trabalhadores dormiam em colchonetes de 5 cm de espessura, de m\u00e1 qualidade e colocados no ch\u00e3o. N\u00e3o havia roupas de cama, nem cobertores. <\/p>\n<p><img decoding=\"async\" src=\"http:\/\/aconteceunovale.com.br\/portal\/wp-content\/uploads\/2014\/05\/trabalho_escravo_jequi_cara.jpg\" alt=\"\" \/><em>Fiscais do Minist\u00e9rio do Trabalho liberaram os trabalhadores (Foto: Diego Souza\/G1)<\/em><br \/>\n<\/br><\/p>\n<p>Ainda de acordo com o MPF, as instala\u00e7\u00f5es el\u00e9tricas nos alojamentos eram prec\u00e1rias. Um curto circuito ocorreu no local, o que obrigou as v\u00edtimas a sa\u00edrem para o terreiro no meio da noite. A den\u00fancia afirma, ainda, que os alimentos eram armazenados no ch\u00e3o das pr\u00f3prias casas e dentro de caixas de papel\u00e3o, n\u00e3o existindo no local nenhum recipiente para coleta de lixo. <\/p>\n<p>Al\u00e9m disso, os trabalhadores teriam ficado um dia e meio sem comer, porque Ant\u00f4nio Pinheiro havia trancado os mantimentos em um c\u00f4modo do alojamento e viajou sem deixar a chave. Na tarde do segundo dia, os trabalhadores arrombaram a porta para preparar a comida. Outras irregularidades foram constatadas nos alojamentos.<\/p>\n<p>O relat\u00f3rio de fiscaliza\u00e7\u00e3o do Minist\u00e9rio do Trabalho e Emprego, elaborado pela equipe de fiscais que estiveram no local, tamb\u00e9m apontou o descumprimento de normas trabalhistas, como a aus\u00eancia de formaliza\u00e7\u00e3o do v\u00ednculo empregat\u00edcio e falta de registro em carteira.<\/p>\n<p>A pena para o crime de redu\u00e7\u00e3o a condi\u00e7\u00e3o an\u00e1loga \u00e0 de escravo vai de 2 a 8 anos, sendo aumentada de metade quando \u00e9 cometido contra menor. O mesmo aumento de pena tamb\u00e9m pode ser aplicado ao crime do aliciamento, que prev\u00ea pena de um a tr\u00eas anos. J\u00e1 o crime de frustra\u00e7\u00e3o de direitos trabalhistas tem pena de 1 a 2 anos de pris\u00e3o.<\/p>\n<p><strong><em>(Fonte: MPF\/Hoje em Dia)<\/em><\/strong><\/p>\n","protected":false},"excerpt":{"rendered":"<p>O produtor de caf\u00e9 Jos\u00e9 Wilson Silv\u00e9rio da Silva foi denunciado pelo Minist\u00e9rio P\u00fablico Federal (MPF) por submeter seus funcion\u00e1rios a trabalho an\u00e1logo a escravid\u00e3o. Al\u00e9m desse crime, ele responder\u00e1 por aliciamento de trabalhadores e por frustra\u00e7\u00e3o de direitos trabalhistas. Um empregado do suspeito tamb\u00e9m foi denunciado pelo \u00f3rg\u00e3o. Segundo o MPF, Jos\u00e9 Wilson \u00e9 [&hellip;]<\/p>\n","protected":false},"author":1,"featured_media":30375,"comment_status":"open","ping_status":"closed","sticky":false,"template":"","format":"standard","meta":{"amp_status":"","footnotes":""},"categories":[121],"tags":[237,1018,13645,13646,1218,13644],"class_list":["post-37201","post","type-post","status-publish","format-standard","has-post-thumbnail","hentry","category-leste","tag-caratinga","tag-destaque","tag-fazenda-boa-vista","tag-fazendeiro-de-caratinga-e-denunciado-por-trabalho-escravo","tag-jenipapo-de-minas","tag-jose-wilson-silverio-da-silva"],"_links":{"self":[{"href":"https:\/\/aconteceunovale.com.br\/portal\/index.php?rest_route=\/wp\/v2\/posts\/37201","targetHints":{"allow":["GET"]}}],"collection":[{"href":"https:\/\/aconteceunovale.com.br\/portal\/index.php?rest_route=\/wp\/v2\/posts"}],"about":[{"href":"https:\/\/aconteceunovale.com.br\/portal\/index.php?rest_route=\/wp\/v2\/types\/post"}],"author":[{"embeddable":true,"href":"https:\/\/aconteceunovale.com.br\/portal\/index.php?rest_route=\/wp\/v2\/users\/1"}],"replies":[{"embeddable":true,"href":"https:\/\/aconteceunovale.com.br\/portal\/index.php?rest_route=%2Fwp%2Fv2%2Fcomments&post=37201"}],"version-history":[{"count":0,"href":"https:\/\/aconteceunovale.com.br\/portal\/index.php?rest_route=\/wp\/v2\/posts\/37201\/revisions"}],"wp:featuredmedia":[{"embeddable":true,"href":"https:\/\/aconteceunovale.com.br\/portal\/index.php?rest_route=\/wp\/v2\/media\/30375"}],"wp:attachment":[{"href":"https:\/\/aconteceunovale.com.br\/portal\/index.php?rest_route=%2Fwp%2Fv2%2Fmedia&parent=37201"}],"wp:term":[{"taxonomy":"category","embeddable":true,"href":"https:\/\/aconteceunovale.com.br\/portal\/index.php?rest_route=%2Fwp%2Fv2%2Fcategories&post=37201"},{"taxonomy":"post_tag","embeddable":true,"href":"https:\/\/aconteceunovale.com.br\/portal\/index.php?rest_route=%2Fwp%2Fv2%2Ftags&post=37201"}],"curies":[{"name":"wp","href":"https:\/\/api.w.org\/{rel}","templated":true}]}}