{"id":37174,"date":"2014-08-13T10:17:20","date_gmt":"2014-08-13T13:17:20","guid":{"rendered":"http:\/\/aconteceunovale.com.br\/portal\/?p=37174"},"modified":"2014-08-13T17:24:47","modified_gmt":"2014-08-13T20:24:47","slug":"acidente-entre-van-e-caminhoes-deixa-seis-mortos-e-feridos-na-br-251-em-salinas","status":"publish","type":"post","link":"https:\/\/aconteceunovale.com.br\/portal\/?p=37174","title":{"rendered":"Acidente entre van e caminh\u00f5es deixa seis mortos e feridos na BR-251, em Salinas"},"content":{"rendered":"<h4><strong><em>Dois caminh\u00f5es e uma van se envolveram no acidente. Seis pessoas morreram no local, entre elas uma crian\u00e7a de um ano.<\/em><\/strong><\/h4>\n<p>Um grav\u00edssimo acidente entre dois caminh\u00f5es e uma van deixou seis v\u00edtimas fatais e sete feridas por volta das 5 horas da madrugada desta quarta-feira, 13 de agosto, na altura do quil\u00f4metro 307, da BR-251, a 10 quil\u00f4metros de Salinas, no Norte de Minas Gerais.<\/p>\n<p><img decoding=\"async\" src=\"http:\/\/aconteceunovale.com.br\/portal\/wp-content\/uploads\/2014\/08\/acidente_251_13_8_2.jpg\" alt=\"\" \/><em>(Seis pessoas morreram no local &#8211; Foto: SAMU Macro Norte\/Divulga\u00e7\u00e3o)<\/em><br \/>\n<\/br><\/p>\n<p>De acordo com informa\u00e7\u00f5es do Servi\u00e7o de Atendimento M\u00f3vel de Urg\u00eancia (SAMU), dois caminh\u00f5es teriam colidido e acabou atingindo a van, com placas do Cear\u00e1, que seguia em sentido contr\u00e1rio. Com o impacto da batida, cinco adultos e um beb\u00ea de 1 ano de idade n\u00e3o resistiram aos ferimentos e morreram no local. <\/p>\n<p>Outros sete ocupantes da van ficaram feridos, sendo tr\u00eas com ferimentos graves e quatro est\u00e1veis. Eles foram socorridos pelo SAMU e encaminhados para hospitais de Salinas e Taiobeiras. As v\u00edtimas seguiam de Cariria\u00e7u\/CE, para Nova Serrana, no Centro Oeste do estado, onde trabalhavam.<\/p>\n<p>Os motoristas dos caminh\u00f5es foram atendidos e liberados no local. O Corpo de Bombeiros foi acionado para retirada de dois corpos que ficaram presos \u00e0s ferragens.<\/p>\n<p>O tr\u00e2nsito no local n\u00e3o foi interrompido no local, j\u00e1 que os ve\u00edculos envolvidos sa\u00edram da pista.<\/p>\n<h4><strong>Sobreviventes<\/strong><\/h4>\n<p>Segundo o SAMU, Cleidiane Santos, de 21 anos, m\u00e3e do beb\u00ea que est\u00e1 preso \u00e0s ferragens, Maria Glic\u00e9lia da Silva, de 21 anos, e C\u00edcero Sebasti\u00e3o Vieira, de 44 anos, foram encaminhados para o Hospital de Taiobeiras. J\u00e1 Lorena Barbosa Silva, de 20 anos, est\u00e1 no Hospital de Salinas.<\/p>\n<p>O motorista de um dos caminh\u00f5es, Jo\u00e3o Silva Santana, 49 anos, sofreu ferimentos leves e foi liberado ap\u00f3s atendimento m\u00e9dico no local do acidente.<\/p>\n<h4><strong>V\u00edtimas fatais<\/strong><\/h4>\n<p>De acordo com informa\u00e7\u00f5es da Pol\u00edcia Militar de Salinas, dez pessoas estavam na van que seguia de Cariria\u00e7u\/CE para Nova Serrana\/MG e as v\u00edtimas que foram a \u00f3bito s\u00e3o:<\/p>\n<p>&#8211; Jos\u00e9 Maria Nogueira Magalh\u00e3es<br \/>\n&#8211; Luzia Martiniano da Silva<br \/>\n&#8211; Maria Batista do Nascimento<br \/>\n&#8211; Joao Victor (beb\u00ea de 1 ano e 3 meses)<br \/>\n&#8211; Maria Viviane Le\u00e3o dos Santos<br \/>\n&#8211; Raimundo Ferreira da Silva<\/p>\n<p><img decoding=\"async\" src=\"http:\/\/aconteceunovale.com.br\/portal\/wp-content\/uploads\/2014\/08\/acidente_251_13_8_1.jpg\" alt=\"\" \/><em>(Seis pessoas morreram no local &#8211; Foto: SAMU Macro Norte\/Divulga\u00e7\u00e3o)<\/em><br \/>\n<\/br><\/p>\n<p><img decoding=\"async\" src=\"http:\/\/aconteceunovale.com.br\/portal\/wp-content\/uploads\/2014\/08\/acidente_251_13_8_3.jpg\" alt=\"\" \/><em>(Seis pessoas morreram no local &#8211; Foto: SAMU Macro Norte\/Divulga\u00e7\u00e3o)<\/em><\/p>\n","protected":false},"excerpt":{"rendered":"<p>Dois caminh\u00f5es e uma van se envolveram no acidente. Seis pessoas morreram no local, entre elas uma crian\u00e7a de um ano. Um grav\u00edssimo acidente entre dois caminh\u00f5es e uma van deixou seis v\u00edtimas fatais e sete feridas por volta das 5 horas da madrugada desta quarta-feira, 13 de agosto, na altura do quil\u00f4metro 307, da [&hellip;]<\/p>\n","protected":false},"author":1,"featured_media":37177,"comment_status":"open","ping_status":"closed","sticky":false,"template":"","format":"standard","meta":{"amp_status":"","footnotes":""},"categories":[1236],"tags":[13666,13620,13618,13621,13619,13617,13622,6852,13625,13623,1018,13627,13698,13695,13626,13696,13697,13624,13699,1515,13700,190,419],"class_list":["post-37174","post","type-post","status-publish","format-standard","has-post-thumbnail","hentry","category-norte_de_minas","tag-acidente-com-pessoas-de-caririacu","tag-acidente-com-pessoas-do-ceara-que-iam-para-nova-serrana","tag-acidente-com-trabalhadores-de-nova-serrana","tag-acidente-com-van-do-ceara","tag-acidente-em-salinas","tag-acidente-entre-van-e-caminhoes-deixa-seis-mortos-e-feridos-na-br-251-em-salinas","tag-acidente-na-br-251-com-van-do-ceara","tag-caririacu","tag-cicero-sebastiao-vieira","tag-cleidiane-santos","tag-destaque","tag-joao-silva-santana","tag-joao-victor","tag-jose-maria-nogueira-magalhaes","tag-lorena-barbosa-silva","tag-luzia-martiniano-da-silva","tag-maria-batista-do-nascimento","tag-maria-glicelia-da-silva","tag-maria-viviane-leao-dos-santos","tag-nova-serrana","tag-raimundo-ferreira-da-silva","tag-salinas","tag-taiobeiras"],"_links":{"self":[{"href":"https:\/\/aconteceunovale.com.br\/portal\/index.php?rest_route=\/wp\/v2\/posts\/37174","targetHints":{"allow":["GET"]}}],"collection":[{"href":"https:\/\/aconteceunovale.com.br\/portal\/index.php?rest_route=\/wp\/v2\/posts"}],"about":[{"href":"https:\/\/aconteceunovale.com.br\/portal\/index.php?rest_route=\/wp\/v2\/types\/post"}],"author":[{"embeddable":true,"href":"https:\/\/aconteceunovale.com.br\/portal\/index.php?rest_route=\/wp\/v2\/users\/1"}],"replies":[{"embeddable":true,"href":"https:\/\/aconteceunovale.com.br\/portal\/index.php?rest_route=%2Fwp%2Fv2%2Fcomments&post=37174"}],"version-history":[{"count":0,"href":"https:\/\/aconteceunovale.com.br\/portal\/index.php?rest_route=\/wp\/v2\/posts\/37174\/revisions"}],"wp:featuredmedia":[{"embeddable":true,"href":"https:\/\/aconteceunovale.com.br\/portal\/index.php?rest_route=\/wp\/v2\/media\/37177"}],"wp:attachment":[{"href":"https:\/\/aconteceunovale.com.br\/portal\/index.php?rest_route=%2Fwp%2Fv2%2Fmedia&parent=37174"}],"wp:term":[{"taxonomy":"category","embeddable":true,"href":"https:\/\/aconteceunovale.com.br\/portal\/index.php?rest_route=%2Fwp%2Fv2%2Fcategories&post=37174"},{"taxonomy":"post_tag","embeddable":true,"href":"https:\/\/aconteceunovale.com.br\/portal\/index.php?rest_route=%2Fwp%2Fv2%2Ftags&post=37174"}],"curies":[{"name":"wp","href":"https:\/\/api.w.org\/{rel}","templated":true}]}}