{"id":37168,"date":"2014-08-12T23:52:03","date_gmt":"2014-08-13T02:52:03","guid":{"rendered":"http:\/\/aconteceunovale.com.br\/portal\/?p=37168"},"modified":"2014-08-13T22:38:07","modified_gmt":"2014-08-14T01:38:07","slug":"motociclista-morre-em-grave-acidente-em-sao-joao-evangelista","status":"publish","type":"post","link":"https:\/\/aconteceunovale.com.br\/portal\/?p=37168","title":{"rendered":"Motociclista morre em grave acidente em S\u00e3o Jo\u00e3o Evangelista"},"content":{"rendered":"<h4><strong><em>Homem foi atropelado por carreta ap\u00f3s colis\u00e3o frontal entre duas motocicletas<\/em><\/strong><\/h4>\n<p>Um motociclista morreu e outro ficou ferido em um grave acidente ocorrido por volta das 20 horas e 30 minutos da noite desta ter\u00e7a-feira, 12 de agosto, na MGC-120, pr\u00f3ximo ao Posto Mirand\u00e3o, no per\u00edmetro urbano de S\u00e3o Jo\u00e3o Evangelista, no Leste de Minas Gerais.<\/p>\n<p>De acordo com informa\u00e7\u00f5es de testemunhas, durante uma tentativa de ultrapassagem a uma carreta carregada com carv\u00e3o, placas de Itamarandiba, duas motocicletas bateram frontalmente. Com o impacto da colis\u00e3o, Jo\u00e3o Evangelista Corsino, de 40 anos, caiu embaixo do ve\u00edculo de carga, que passou sobre o seu corpo. A v\u00edtima, que era moradora da comunidade de Palmeiras, na zona rural de S\u00e3o Jo\u00e3o Evangelista, n\u00e3o resistiu aos graves ferimentos e morreu no local.<\/p>\n<p>O outro motociclista A.F.S., de 27 anos, foi socorrido e encaminhado para atendimento m\u00e9dico na Funda\u00e7\u00e3o Municipal de Sa\u00fade de S\u00e3o Jo\u00e3o Evangelista. Seu estado de sa\u00fade n\u00e3o foi divulgado at\u00e9 o momento. O motorista do caminh\u00e3o n\u00e3o sofreu ferimentos.<\/p>\n","protected":false},"excerpt":{"rendered":"<p>Homem foi atropelado por carreta ap\u00f3s colis\u00e3o frontal entre duas motocicletas Um motociclista morreu e outro ficou ferido em um grave acidente ocorrido por volta das 20 horas e 30 minutos da noite desta ter\u00e7a-feira, 12 de agosto, na MGC-120, pr\u00f3ximo ao Posto Mirand\u00e3o, no per\u00edmetro urbano de S\u00e3o Jo\u00e3o Evangelista, no Leste de Minas [&hellip;]<\/p>\n","protected":false},"author":1,"featured_media":37146,"comment_status":"open","ping_status":"closed","sticky":false,"template":"","format":"standard","meta":{"amp_status":"","footnotes":""},"categories":[121],"tags":[13599,13600,13598,13603,1018,13602,13601,13616,13604,13597,162],"class_list":["post-37168","post","type-post","status-publish","format-standard","has-post-thumbnail","hentry","category-leste","tag-acidente-de-moto-em-sao-joao-evangelista","tag-acidente-em-sao-joao-evangelista","tag-acidente-perto-do-posto-mirandao","tag-alex-ferreira-dos-santos","tag-destaque","tag-elias-corcino","tag-joao-elias-corcino","tag-joao-evangelista-corsino","tag-motociclista-morre-em-grave-acidente-em-sao-joao-evangelista","tag-motociclista-morre-em-grave-acidente-na-br-120-em-sao-joao-evangelista","tag-sao-joao-evangelista"],"_links":{"self":[{"href":"https:\/\/aconteceunovale.com.br\/portal\/index.php?rest_route=\/wp\/v2\/posts\/37168","targetHints":{"allow":["GET"]}}],"collection":[{"href":"https:\/\/aconteceunovale.com.br\/portal\/index.php?rest_route=\/wp\/v2\/posts"}],"about":[{"href":"https:\/\/aconteceunovale.com.br\/portal\/index.php?rest_route=\/wp\/v2\/types\/post"}],"author":[{"embeddable":true,"href":"https:\/\/aconteceunovale.com.br\/portal\/index.php?rest_route=\/wp\/v2\/users\/1"}],"replies":[{"embeddable":true,"href":"https:\/\/aconteceunovale.com.br\/portal\/index.php?rest_route=%2Fwp%2Fv2%2Fcomments&post=37168"}],"version-history":[{"count":0,"href":"https:\/\/aconteceunovale.com.br\/portal\/index.php?rest_route=\/wp\/v2\/posts\/37168\/revisions"}],"wp:featuredmedia":[{"embeddable":true,"href":"https:\/\/aconteceunovale.com.br\/portal\/index.php?rest_route=\/wp\/v2\/media\/37146"}],"wp:attachment":[{"href":"https:\/\/aconteceunovale.com.br\/portal\/index.php?rest_route=%2Fwp%2Fv2%2Fmedia&parent=37168"}],"wp:term":[{"taxonomy":"category","embeddable":true,"href":"https:\/\/aconteceunovale.com.br\/portal\/index.php?rest_route=%2Fwp%2Fv2%2Fcategories&post=37168"},{"taxonomy":"post_tag","embeddable":true,"href":"https:\/\/aconteceunovale.com.br\/portal\/index.php?rest_route=%2Fwp%2Fv2%2Ftags&post=37168"}],"curies":[{"name":"wp","href":"https:\/\/api.w.org\/{rel}","templated":true}]}}