{"id":37151,"date":"2014-08-12T22:36:43","date_gmt":"2014-08-13T01:36:43","guid":{"rendered":"http:\/\/aconteceunovale.com.br\/portal\/?p=37151"},"modified":"2017-01-04T17:59:03","modified_gmt":"2017-01-04T19:59:03","slug":"estudantes-que-participaram-de-trote-polemico-sao-punidos-pela-ufmg","status":"publish","type":"post","link":"https:\/\/aconteceunovale.com.br\/portal\/?p=37151","title":{"rendered":"Estudantes que participaram de trote pol\u00eamico s\u00e3o punidos pela UFMG"},"content":{"rendered":"<p>Um estudante foi expulso e outros tr\u00eas suspensos pelo envolvimento nos trotes contra alunos do primeiro per\u00edodo da Faculdade de Direito da Universidade Federal de Minas Gerais (UFMG). Os atos aconteceram em 15 de mar\u00e7o do ano passado. Em reuni\u00e3o realizada na tarde desta ter\u00e7a-feira, o Conselho Universit\u00e1rio decidiu pelo desligamento de G.V.S.B e pelo afastamento, por um semestre, de G.A.M.M, G.M.F e G.C.S.<\/p>\n<p>Ano passado, duas fotos do trote realizado por alunos da Faculdade de Direito circularam pelas redes sociais e ganharam ampla repercuss\u00e3o. Em uma delas, uma caloura aparece pintada de preto e acorrentada por um veterano. Ela usava um cartaz que dizia \u201cCaloura Chica da Silva\u201d, em refer\u00eancia \u00e0 escrava que passou por Minas Gerais no s\u00e9culo XVIII. A outra imagem mostra estudantes fazendo gestos em alus\u00e3o ao nazismo. Um dos veteranos aparece com um bigode semelhante ao usado por Adolf Hitler.<\/p>\n<p><img decoding=\"async\" src=\"http:\/\/aconteceunovale.com.br\/portal\/wp-content\/uploads\/2014\/08\/trote_polemico_ufmg_1.gif\" alt=\"\" \/><em>Um calouro foi amarrado em uma pilastras e estudantes fizeram sauda\u00e7\u00e3o nazista &#8211; Foto: Reprodu\u00e7\u00e3o<\/em><br \/>\n<\/br><\/p>\n<p>Em nota divulgada no site da UFMG, o Conselho Universit\u00e1rio, respons\u00e1vel por formular a pol\u00edtica geral da Universidade, condenou as imagens do trote. \u201cS\u00e3o repulsivas e remontam a situa\u00e7\u00f5es simb\u00f3licas de discrimina\u00e7\u00e3o hist\u00f3rica, al\u00e9m de atentar contra as conquistas da liberdade, igualdade e diversidade garantidas juridicamente, o que n\u00e3o pode ser olvidado, especialmente em uma faculdade de direito\u201d, diz no documento.<\/p>\n<p>O reitor Jaime Ramirez foi a favor da puni\u00e7\u00e3o imposta aos estudantes. \u201cA Universidade tem uma responsabilidade perante a sociedade e a comunidade, e atos como esses n\u00e3o podem ser tolerados\u201d. O diretor ainda reiterou que a decis\u00e3o foi de encontro \u00e0 resolu\u00e7\u00e3o que pro\u00edbe trotes estudantis, uma medida adotada recentemente. No in\u00edcio desse semestre, o conselho universit\u00e1rio aprovou um documento que pro\u00edbe qualquer brincadeira de mau gosto feita por veteranos com os calouros.<\/p>\n<p>A Resolu\u00e7\u00e3o 06\/2014 considera trote atividades que envolvam ou incitem agress\u00f5es f\u00edsicas, psicol\u00f3gicas ou morais, resultem em coa\u00e7\u00e3o f\u00edsica ou psicol\u00f3gica, em humilha\u00e7\u00e3o, danos ao patrim\u00f4nio p\u00fablico ou privado. S\u00e3o conden\u00e1veis tamb\u00e9m a\u00e7\u00f5es que evidenciem opress\u00e3o, preconceito ou discrimina\u00e7\u00e3o, obriguem alunos a usar roupas, acess\u00f3rios ou a cobrir o corpo com qualquer tipo de subst\u00e2ncia, a ingerir bebida alc\u00f3olica e demonstrem qualquer intoler\u00e2ncia pol\u00edtica, ideol\u00f3gica ou religiosa.<\/p>\n<p><img decoding=\"async\" src=\"http:\/\/aconteceunovale.com.br\/portal\/wp-content\/uploads\/2014\/08\/trote_polemico_ufmg_2.gif\" alt=\"\" \/><em>Uma das imagens que provocaram revolta mostra caloura pintada e acorrentada &#8211; Foto: Reprodu\u00e7\u00e3o<\/em><br \/>\n<\/br><\/p>\n<p><strong><em>(Fonte: Jornal Estado de Minas)<\/em><\/strong><\/p>\n","protected":false},"excerpt":{"rendered":"<p>Um estudante foi expulso e outros tr\u00eas suspensos pelo envolvimento nos trotes contra alunos do primeiro per\u00edodo da Faculdade de Direito da Universidade Federal de Minas Gerais (UFMG). Os atos aconteceram em 15 de mar\u00e7o do ano passado. Em reuni\u00e3o realizada na tarde desta ter\u00e7a-feira, o Conselho Universit\u00e1rio decidiu pelo desligamento de G.V.S.B e pelo [&hellip;]<\/p>\n","protected":false},"author":1,"featured_media":37153,"comment_status":"open","ping_status":"closed","sticky":false,"template":"","format":"standard","meta":{"amp_status":"","footnotes":""},"categories":[123],"tags":[13610,1018,13609,94068,134451,874],"class_list":["post-37151","post","type-post","status-publish","format-standard","has-post-thumbnail","hentry","category-gerais","tag-caloura-chica-da-silva","tag-destaque","tag-estudantes-que-participaram-de-trote-polemico-sao-punidos-pela-ufmg","tag-faculdade-de-direito-da-universidade-federal-de-minas-gerais","tag-trote-racista-ufmg","tag-ufmg"],"_links":{"self":[{"href":"https:\/\/aconteceunovale.com.br\/portal\/index.php?rest_route=\/wp\/v2\/posts\/37151","targetHints":{"allow":["GET"]}}],"collection":[{"href":"https:\/\/aconteceunovale.com.br\/portal\/index.php?rest_route=\/wp\/v2\/posts"}],"about":[{"href":"https:\/\/aconteceunovale.com.br\/portal\/index.php?rest_route=\/wp\/v2\/types\/post"}],"author":[{"embeddable":true,"href":"https:\/\/aconteceunovale.com.br\/portal\/index.php?rest_route=\/wp\/v2\/users\/1"}],"replies":[{"embeddable":true,"href":"https:\/\/aconteceunovale.com.br\/portal\/index.php?rest_route=%2Fwp%2Fv2%2Fcomments&post=37151"}],"version-history":[{"count":0,"href":"https:\/\/aconteceunovale.com.br\/portal\/index.php?rest_route=\/wp\/v2\/posts\/37151\/revisions"}],"wp:featuredmedia":[{"embeddable":true,"href":"https:\/\/aconteceunovale.com.br\/portal\/index.php?rest_route=\/wp\/v2\/media\/37153"}],"wp:attachment":[{"href":"https:\/\/aconteceunovale.com.br\/portal\/index.php?rest_route=%2Fwp%2Fv2%2Fmedia&parent=37151"}],"wp:term":[{"taxonomy":"category","embeddable":true,"href":"https:\/\/aconteceunovale.com.br\/portal\/index.php?rest_route=%2Fwp%2Fv2%2Fcategories&post=37151"},{"taxonomy":"post_tag","embeddable":true,"href":"https:\/\/aconteceunovale.com.br\/portal\/index.php?rest_route=%2Fwp%2Fv2%2Ftags&post=37151"}],"curies":[{"name":"wp","href":"https:\/\/api.w.org\/{rel}","templated":true}]}}