{"id":37137,"date":"2014-08-12T20:15:11","date_gmt":"2014-08-12T23:15:11","guid":{"rendered":"http:\/\/aconteceunovale.com.br\/portal\/?p=37137"},"modified":"2014-08-12T20:15:11","modified_gmt":"2014-08-12T23:15:11","slug":"enfermeiro-fica-ferido-em-acidente-com-ambulancia-do-samu-em-montes-claros","status":"publish","type":"post","link":"https:\/\/aconteceunovale.com.br\/portal\/?p=37137","title":{"rendered":"Enfermeiro fica ferido em acidente com ambul\u00e2ncia do SAMU em Montes Claros"},"content":{"rendered":"<h4><em><strong>Batida ocorreu na Avenida Dr. Jo\u00e3o Lu\u00eds de Almeida. Caminhonete n\u00e3o parou apesar do sinal de alerta do ambul\u00e2ncia.<\/strong><\/em><\/h4>\n<p>Uma ambul\u00e2ncia do Servi\u00e7o de Atendimento M\u00f3vel de Urg\u00eancia (SAMU) se envolveu em um acidente na tarde desta ter\u00e7a-feira (12) no cruzamento da Avenida Dr. Jo\u00e3o Lu\u00eds de Almeida com a Rua Bocaiuva, em Montes Claros, no Norte de Minas. Um enfermeiro que estava na ambul\u00e2ncia sofreu ferimentos leves e foi levado ao hospital da cidade. Os condutores dos dois carros nada sofreram.<\/p>\n<p>Segundo informa\u00e7\u00f5es do Samu, uma ambul\u00e2ncia se deslocava com o alerta ligado para atendimento a um outro acidente. Ao atravessar o cruzamento os demais carros abriram caminho para a ambul\u00e2ncia, mas uma caminhonete que tinha a prefer\u00eancia do sem\u00e1foro n\u00e3o parou e colidiu lateralmente com o ve\u00edculo.<\/p>\n<p><img decoding=\"async\" src=\"http:\/\/aconteceunovale.com.br\/portal\/wp-content\/uploads\/2014\/08\/acidente_ambulancia_samu_12_8.jpg\" alt=\"\" \/><em>Acidente envolveu uma viatura do Samu e uma caminhonete &#8211; (Foto: Jerusia Arruda\/Samu Macro Norte)<\/em><br \/>\n<\/br><\/p>\n<p><strong><em>(Fonte: Inter TV Grande Minas)<\/em><\/strong><\/p>\n","protected":false},"excerpt":{"rendered":"<p>Batida ocorreu na Avenida Dr. Jo\u00e3o Lu\u00eds de Almeida. Caminhonete n\u00e3o parou apesar do sinal de alerta do ambul\u00e2ncia. Uma ambul\u00e2ncia do Servi\u00e7o de Atendimento M\u00f3vel de Urg\u00eancia (SAMU) se envolveu em um acidente na tarde desta ter\u00e7a-feira (12) no cruzamento da Avenida Dr. Jo\u00e3o Lu\u00eds de Almeida com a Rua Bocaiuva, em Montes Claros, [&hellip;]<\/p>\n","protected":false},"author":1,"featured_media":37138,"comment_status":"open","ping_status":"closed","sticky":false,"template":"","format":"standard","meta":{"amp_status":"","footnotes":""},"categories":[1236],"tags":[13596,13595,210],"class_list":["post-37137","post","type-post","status-publish","format-standard","has-post-thumbnail","hentry","category-norte_de_minas","tag-acidente-com-ambulancia-do-samu-em-montes-claros","tag-enfermeiro-fica-ferido-em-acidente-com-ambulancia-do-samu-em-montes-claros","tag-montes-claros"],"_links":{"self":[{"href":"https:\/\/aconteceunovale.com.br\/portal\/index.php?rest_route=\/wp\/v2\/posts\/37137","targetHints":{"allow":["GET"]}}],"collection":[{"href":"https:\/\/aconteceunovale.com.br\/portal\/index.php?rest_route=\/wp\/v2\/posts"}],"about":[{"href":"https:\/\/aconteceunovale.com.br\/portal\/index.php?rest_route=\/wp\/v2\/types\/post"}],"author":[{"embeddable":true,"href":"https:\/\/aconteceunovale.com.br\/portal\/index.php?rest_route=\/wp\/v2\/users\/1"}],"replies":[{"embeddable":true,"href":"https:\/\/aconteceunovale.com.br\/portal\/index.php?rest_route=%2Fwp%2Fv2%2Fcomments&post=37137"}],"version-history":[{"count":0,"href":"https:\/\/aconteceunovale.com.br\/portal\/index.php?rest_route=\/wp\/v2\/posts\/37137\/revisions"}],"wp:featuredmedia":[{"embeddable":true,"href":"https:\/\/aconteceunovale.com.br\/portal\/index.php?rest_route=\/wp\/v2\/media\/37138"}],"wp:attachment":[{"href":"https:\/\/aconteceunovale.com.br\/portal\/index.php?rest_route=%2Fwp%2Fv2%2Fmedia&parent=37137"}],"wp:term":[{"taxonomy":"category","embeddable":true,"href":"https:\/\/aconteceunovale.com.br\/portal\/index.php?rest_route=%2Fwp%2Fv2%2Fcategories&post=37137"},{"taxonomy":"post_tag","embeddable":true,"href":"https:\/\/aconteceunovale.com.br\/portal\/index.php?rest_route=%2Fwp%2Fv2%2Ftags&post=37137"}],"curies":[{"name":"wp","href":"https:\/\/api.w.org\/{rel}","templated":true}]}}