{"id":37134,"date":"2014-08-12T20:06:09","date_gmt":"2014-08-12T23:06:09","guid":{"rendered":"http:\/\/aconteceunovale.com.br\/portal\/?p=37134"},"modified":"2014-08-13T12:03:32","modified_gmt":"2014-08-13T15:03:32","slug":"batida-entre-carreta-e-veiculo-de-passeio-mata-duas-pessoas-na-br-135-em-bocaiuva","status":"publish","type":"post","link":"https:\/\/aconteceunovale.com.br\/portal\/?p=37134","title":{"rendered":"Batida entre carreta e ve\u00edculo de passeio mata duas pessoas na BR-135, em Bocaiuva"},"content":{"rendered":"<h4><em><strong>V\u00edtimas morreram presas \u00e0s ferragens do carro de passeio. O motorista n\u00e3o ficou ferido<\/strong><\/em><\/h4>\n<p>Um acidente entre uma carreta e um carro de passeio deixou duas v\u00edtimas fatais na tarde desta ter\u00e7a-feira, 12 de agosto, na altura do quil\u00f4metro 416 da BR-135, pr\u00f3ximo a Bocaiuva, no Norte de Minas.<\/p>\n<p>De acordo com informa\u00e7\u00f5es da Pol\u00edcia Rodovi\u00e1ria Federal, o carro colidiu frontalmente com o ve\u00edculo de carga durante uma tentativa de desviar de um animal que atravessou a pista. Com o impacto da batida, os dois ve\u00edculos sa\u00edram da pista.<\/p>\n<p>As v\u00edtimas ficaram presas \u00e0s ferragens, n\u00e3o resistiram aos graves ferimentos e morreram no local. O motorista da carreta nada sofreu. Com a batida, o carro pegou fogo e uma equipe do Corpo de Bombeiros esteve no local para conter as chamas.<\/p>\n<p><img decoding=\"async\" src=\"http:\/\/aconteceunovale.com.br\/portal\/wp-content\/uploads\/2014\/08\/batida_135_bocaiuva_12_8.jpg\" alt=\"\" \/><em>Batida entre carreta e carro matou duas pessoas na BR-135 \u2013 Foto: PRF\/Divulga\u00e7\u00e3o<\/em><\/p>\n","protected":false},"excerpt":{"rendered":"<p>V\u00edtimas morreram presas \u00e0s ferragens do carro de passeio. O motorista n\u00e3o ficou ferido Um acidente entre uma carreta e um carro de passeio deixou duas v\u00edtimas fatais na tarde desta ter\u00e7a-feira, 12 de agosto, na altura do quil\u00f4metro 416 da BR-135, pr\u00f3ximo a Bocaiuva, no Norte de Minas. De acordo com informa\u00e7\u00f5es da Pol\u00edcia [&hellip;]<\/p>\n","protected":false},"author":1,"featured_media":37135,"comment_status":"open","ping_status":"closed","sticky":false,"template":"","format":"standard","meta":{"amp_status":"","footnotes":""},"categories":[1236],"tags":[13593,13594,645],"class_list":["post-37134","post","type-post","status-publish","format-standard","has-post-thumbnail","hentry","category-norte_de_minas","tag-batida-entre-carreta-e-carro-matou-duas-pessoas-na-br-135","tag-batida-entre-carreta-e-veiculo-de-passeio-mata-duas-pessoas-na-br-135","tag-bocaiuva"],"_links":{"self":[{"href":"https:\/\/aconteceunovale.com.br\/portal\/index.php?rest_route=\/wp\/v2\/posts\/37134","targetHints":{"allow":["GET"]}}],"collection":[{"href":"https:\/\/aconteceunovale.com.br\/portal\/index.php?rest_route=\/wp\/v2\/posts"}],"about":[{"href":"https:\/\/aconteceunovale.com.br\/portal\/index.php?rest_route=\/wp\/v2\/types\/post"}],"author":[{"embeddable":true,"href":"https:\/\/aconteceunovale.com.br\/portal\/index.php?rest_route=\/wp\/v2\/users\/1"}],"replies":[{"embeddable":true,"href":"https:\/\/aconteceunovale.com.br\/portal\/index.php?rest_route=%2Fwp%2Fv2%2Fcomments&post=37134"}],"version-history":[{"count":0,"href":"https:\/\/aconteceunovale.com.br\/portal\/index.php?rest_route=\/wp\/v2\/posts\/37134\/revisions"}],"wp:featuredmedia":[{"embeddable":true,"href":"https:\/\/aconteceunovale.com.br\/portal\/index.php?rest_route=\/wp\/v2\/media\/37135"}],"wp:attachment":[{"href":"https:\/\/aconteceunovale.com.br\/portal\/index.php?rest_route=%2Fwp%2Fv2%2Fmedia&parent=37134"}],"wp:term":[{"taxonomy":"category","embeddable":true,"href":"https:\/\/aconteceunovale.com.br\/portal\/index.php?rest_route=%2Fwp%2Fv2%2Fcategories&post=37134"},{"taxonomy":"post_tag","embeddable":true,"href":"https:\/\/aconteceunovale.com.br\/portal\/index.php?rest_route=%2Fwp%2Fv2%2Ftags&post=37134"}],"curies":[{"name":"wp","href":"https:\/\/api.w.org\/{rel}","templated":true}]}}