{"id":37127,"date":"2014-08-12T19:07:24","date_gmt":"2014-08-12T22:07:24","guid":{"rendered":"http:\/\/aconteceunovale.com.br\/portal\/?p=37127"},"modified":"2014-08-12T19:07:24","modified_gmt":"2014-08-12T22:07:24","slug":"escola-de-aracuai-comemora-50-anos-de-fundacao","status":"publish","type":"post","link":"https:\/\/aconteceunovale.com.br\/portal\/?p=37127","title":{"rendered":"Escola de Ara\u00e7ua\u00ed comemora 50 anos de funda\u00e7\u00e3o"},"content":{"rendered":"<h4><em><strong>Festa conta com extensa programa\u00e7\u00e3o cultural<\/strong><\/em><\/h4>\n<p>Do pr\u00e9dio de lata ao concreto. Do mime\u00f3grafo aos computadores. A trajet\u00f3ria da Escola Estadual Leopoldo Pereira, em Ara\u00e7ua\u00ed, no Vale do Jequitinhonha, completa 50 anos, e sua hist\u00f3ria ser\u00e1 revivida com auxilio da comunidade, e por aqueles que adquiriram seus primeiros conhecimentos no \u201cGrupinho\u201d, como a escola era anteriormente conhecida.<\/p>\n<p>Para marcar a data, professores, alunos, funcion\u00e1rios e dire\u00e7\u00e3o da Escola, organizam uma extensa agenda regada de atividades culturais, exposi\u00e7\u00e3o fotogr\u00e1fica, missa solene, desfile c\u00edvico e depoimentos em torno da retrospectiva da hist\u00f3ria de funda\u00e7\u00e3o do educand\u00e1rio.<\/p>\n<p><img decoding=\"async\" src=\"http:\/\/aconteceunovale.com.br\/portal\/wp-content\/uploads\/2014\/08\/escola_ara_50_anos_1.jpg\" alt=\"\" \/><em>Escola tem atualmente cerca de 800 alunos \u2013 Foto: Gazeta de Ara\u00e7ua\u00ed<\/em><br \/>\n<\/br><\/p>\n<p>\u201cTodas as pessoas que fizeram parte da institui\u00e7\u00e3o e seus familiares podem se considerar convidados. O evento \u00e9 aberto a todos que passaram por aqui\u201d, diz a diretora, Marilda Santos Guedes.<\/p>\n<p>A escola, instalada oficialmente em 7 de setembro de 1964,  conta atualmente com 800 alunos do ensino fundamental. Como parte do resgate da mem\u00f3ria, eles est\u00e3o compondo o hino da escola que atende tamb\u00e9m alunos ind\u00edgenas da Aldeia Cinta Vermelha, APAE e EJA &#8211; Educa\u00e7\u00e3o Jovem Adulto.<\/p>\n<p>Parte das comemora\u00e7\u00f5es ser\u00e1 nas depend\u00eancias da escola, na Rua Benjamim Constant, 698. No dia 6 de setembro, os funcion\u00e1rios e professores realizam o Baile de Ouro, no Planalto T\u00eanis Clube.<\/p>\n<p><img decoding=\"async\" src=\"http:\/\/aconteceunovale.com.br\/portal\/wp-content\/uploads\/2014\/08\/escola_ara_50_anos_2.jpg\" alt=\"\" \/><em>Estrutura da escola era de lat\u00e3o. Em 1981 e reconstru\u00edda em alvenaria \u2013 Foto: Reprodu\u00e7\u00e3o<\/em><br \/>\n<\/br><\/p>\n<p>As comemora\u00e7\u00f5es ser\u00e3o encerradas no dia 19 de setembro, quando os alunos participam do desfile em torno dos 143 anos de emancipa\u00e7\u00e3o de Ara\u00e7ua\u00ed.<\/p>\n<p><strong>Confira a programa\u00e7\u00e3o:<\/strong><\/p>\n<p>&#8211; 29\/08 &#8211; Lan\u00e7amento do hino da escola<br \/>\n&#8211; 30\/08 &#8211; Agita Galera, com o tema \u201cA Sa\u00fade \u00e9 ouro em nossa escola\u201d<br \/>\n&#8211; 06\/09 &#8211; Baile de Ouro no Planalto T\u00eanis Clube<br \/>\n&#8211; 15\/09 &#8211; Alvorada festiva<br \/>\n&#8211; 16\/09 &#8211; Festival Cultural com apresenta\u00e7\u00f5es art\u00edsticas<br \/>\n&#8211; 17\/09 &#8211; Abertura do museu cultural com exposi\u00e7\u00e3o de fotografias, depoimentos em v\u00eddeos, exposi\u00e7\u00e3o sobre a hist\u00f3ria da escola e do professor Leopoldo Pereira<br \/>\n&#8211; 18\/09-Retrospectiva 50 anos com apresenta\u00e7\u00e3o do v\u00eddeo \u201cNossa hist\u00f3ria contada em imagens\u201d e culto ecum\u00eanico.<\/p>\n<h4><strong>Quem foi Leopoldo Pereira<\/strong><\/h4>\n<p>Nascido na regi\u00e3o de Milho Verde, distrito do Serro, no Vale do Jequitinhonha, Leopoldo da Silva Pereira era intelectual e professor de latim, franc\u00eas e portugu\u00eas.<\/p>\n<p>Casou-se em Ara\u00e7ua\u00ed, com Cristina da Cunha Melo com quem teve quatro filhos. \u201cAp\u00f3s ficar vi\u00favo, mudou-se para Belo Horizonte, onde lecionou no Instituto Estadual de Educa\u00e7\u00e3o\u201d, lembra sua sobrinha, Maria Em\u00edlia Fulg\u00eancio, professora aposentada. Em 1913 publicou o livro \u201cO Munic\u00edpio de Ara\u00e7ua\u00ed\u201d.<\/p>\n<p>Do seu segundo casamento, nasceu Caio M\u00e1rio da Silva Pereira, filho mais velho de quatro irm\u00e3os e um dos mais not\u00e1veis civilistas brasileiros, com v\u00e1rias obras publicadas no Brasil e no exterior, entre elas, Institui\u00e7\u00f5es de Direito Civil, um dos cl\u00e1ssicos do g\u00eanero no Brasil.<\/p>\n<p>Leopoldo Pereira foi interventor (nomenclatura utilizada na \u00e9poca para o atual cargo de prefeito) de Ara\u00e7ua\u00ed na d\u00e9cada de 1920. Foi substitu\u00eddo pelo ent\u00e3o senador Nuno da Cunha Melo. Pereira faleceu em Belo Horizonte, capital de Minas Gerais. <\/p>\n<p><strong><em>(Fonte: Gazeta de Ara\u00e7ua\u00ed \/ S\u00e9rgio Vasconcelos)<\/em><\/strong><\/p>\n","protected":false},"excerpt":{"rendered":"<p>Festa conta com extensa programa\u00e7\u00e3o cultural Do pr\u00e9dio de lata ao concreto. Do mime\u00f3grafo aos computadores. A trajet\u00f3ria da Escola Estadual Leopoldo Pereira, em Ara\u00e7ua\u00ed, no Vale do Jequitinhonha, completa 50 anos, e sua hist\u00f3ria ser\u00e1 revivida com auxilio da comunidade, e por aqueles que adquiriram seus primeiros conhecimentos no \u201cGrupinho\u201d, como a escola era [&hellip;]<\/p>\n","protected":false},"author":1,"featured_media":37128,"comment_status":"open","ping_status":"closed","sticky":false,"template":"","format":"standard","meta":{"amp_status":"","footnotes":""},"categories":[120],"tags":[13583,186,13580,13581,13582],"class_list":["post-37127","post","type-post","status-publish","format-standard","has-post-thumbnail","hentry","category-jequi","tag-50-anos-da-escola-estadual-leopoldo-pereira","tag-aracuai","tag-escola-de-aracuai-comemora-50-anos-de-fundacao","tag-escola-estadual-leopoldo-pereira","tag-festa-de-50-anos-da-escola-estadual-leopoldo-pereira"],"_links":{"self":[{"href":"https:\/\/aconteceunovale.com.br\/portal\/index.php?rest_route=\/wp\/v2\/posts\/37127","targetHints":{"allow":["GET"]}}],"collection":[{"href":"https:\/\/aconteceunovale.com.br\/portal\/index.php?rest_route=\/wp\/v2\/posts"}],"about":[{"href":"https:\/\/aconteceunovale.com.br\/portal\/index.php?rest_route=\/wp\/v2\/types\/post"}],"author":[{"embeddable":true,"href":"https:\/\/aconteceunovale.com.br\/portal\/index.php?rest_route=\/wp\/v2\/users\/1"}],"replies":[{"embeddable":true,"href":"https:\/\/aconteceunovale.com.br\/portal\/index.php?rest_route=%2Fwp%2Fv2%2Fcomments&post=37127"}],"version-history":[{"count":0,"href":"https:\/\/aconteceunovale.com.br\/portal\/index.php?rest_route=\/wp\/v2\/posts\/37127\/revisions"}],"wp:featuredmedia":[{"embeddable":true,"href":"https:\/\/aconteceunovale.com.br\/portal\/index.php?rest_route=\/wp\/v2\/media\/37128"}],"wp:attachment":[{"href":"https:\/\/aconteceunovale.com.br\/portal\/index.php?rest_route=%2Fwp%2Fv2%2Fmedia&parent=37127"}],"wp:term":[{"taxonomy":"category","embeddable":true,"href":"https:\/\/aconteceunovale.com.br\/portal\/index.php?rest_route=%2Fwp%2Fv2%2Fcategories&post=37127"},{"taxonomy":"post_tag","embeddable":true,"href":"https:\/\/aconteceunovale.com.br\/portal\/index.php?rest_route=%2Fwp%2Fv2%2Ftags&post=37127"}],"curies":[{"name":"wp","href":"https:\/\/api.w.org\/{rel}","templated":true}]}}