{"id":37114,"date":"2014-08-12T13:15:53","date_gmt":"2014-08-12T16:15:53","guid":{"rendered":"http:\/\/aconteceunovale.com.br\/portal\/?p=37114"},"modified":"2014-08-12T13:15:53","modified_gmt":"2014-08-12T16:15:53","slug":"suspeito-de-trafico-de-drogas-e-preso-pela-policia-civil-em-aracuai","status":"publish","type":"post","link":"https:\/\/aconteceunovale.com.br\/portal\/?p=37114","title":{"rendered":"Suspeito de tr\u00e1fico de drogas \u00e9 preso pela Pol\u00edcia Civil em Ara\u00e7ua\u00ed"},"content":{"rendered":"<h4><strong><em>Homem estava em bar e tentou fugir ao ver equipe de investigadores. Ele j\u00e1 tem passagens por posse ilegal de arma e tr\u00e1fico de drogas.<\/em><\/strong><\/h4>\n<p>Um homem de 29 anos foi preso pela Pol\u00edcia Civil de Ara\u00e7ua\u00ed, no Vale do Jequitinhonha, nesta segunda-feira (11), suspeito de tr\u00e1fico de drogas. Segundo a delegada Ana Paula Lamego Balbino, ele estava sendo investigado pelo crime. O suspeito j\u00e1 tem passagens por posse ilegal de arma e tr\u00e1fico.<\/p>\n<p><img decoding=\"async\" src=\"http:\/\/aconteceunovale.com.br\/portal\/wp-content\/uploads\/2014\/08\/trafico_ara_12_8.jpg\" alt=\"\" \/><em>Papelotes de coca\u00edna estavam dentro de uma pochete (Foto: Divulga\u00e7\u00e3o \/ Pol\u00edcia Civil)<\/em><br \/>\n<\/br><\/p>\n<p>De acordo com informa\u00e7\u00f5es da Pol\u00edcia Civil, o homem estava em um bar e tentou fugir ao perceber a presen\u00e7a de uma equipe de investigadores. Em uma pochete usada pelo suspeito, a pol\u00edcia apreendeu 19 papelotes de coca\u00edna e R$ 176, que seriam provenientes da venda de drogas.<\/p>\n<p>A delegada Ana Paula destaca que o tr\u00e1fico de drogas \u00e9 uma das prioridades da Pol\u00edcia Civil em Ara\u00e7ua\u00ed. \u201cO tr\u00e1fico de drogas, al\u00e9m de ser um mal que adoece tanto as fam\u00edlias dos envolvidos, quanto a sociedade, acaba por gerar uma s\u00e9rie de outros crimes, a exemplo dos homic\u00eddios, roubos e viol\u00eancia dom\u00e9stica, delitos bastante t\u00edpicos na regi\u00e3o&#8221;.<\/p>\n<p>O suspeito foi preso em flagrante e encaminhado para o pres\u00eddio de Ara\u00e7ua\u00ed. (G1)<\/p>\n","protected":false},"excerpt":{"rendered":"<p>Homem estava em bar e tentou fugir ao ver equipe de investigadores. Ele j\u00e1 tem passagens por posse ilegal de arma e tr\u00e1fico de drogas. Um homem de 29 anos foi preso pela Pol\u00edcia Civil de Ara\u00e7ua\u00ed, no Vale do Jequitinhonha, nesta segunda-feira (11), suspeito de tr\u00e1fico de drogas. Segundo a delegada Ana Paula Lamego [&hellip;]<\/p>\n","protected":false},"author":1,"featured_media":37116,"comment_status":"open","ping_status":"closed","sticky":false,"template":"","format":"standard","meta":{"amp_status":"","footnotes":""},"categories":[120],"tags":[186,13558,13559],"class_list":["post-37114","post","type-post","status-publish","format-standard","has-post-thumbnail","hentry","category-jequi","tag-aracuai","tag-policia-civil-prende-suspeito-de-trafico-de-drogas-em-aracuai","tag-suspeito-de-trafico-de-drogas-e-preso-pela-policia-civil-em-aracuai"],"_links":{"self":[{"href":"https:\/\/aconteceunovale.com.br\/portal\/index.php?rest_route=\/wp\/v2\/posts\/37114","targetHints":{"allow":["GET"]}}],"collection":[{"href":"https:\/\/aconteceunovale.com.br\/portal\/index.php?rest_route=\/wp\/v2\/posts"}],"about":[{"href":"https:\/\/aconteceunovale.com.br\/portal\/index.php?rest_route=\/wp\/v2\/types\/post"}],"author":[{"embeddable":true,"href":"https:\/\/aconteceunovale.com.br\/portal\/index.php?rest_route=\/wp\/v2\/users\/1"}],"replies":[{"embeddable":true,"href":"https:\/\/aconteceunovale.com.br\/portal\/index.php?rest_route=%2Fwp%2Fv2%2Fcomments&post=37114"}],"version-history":[{"count":0,"href":"https:\/\/aconteceunovale.com.br\/portal\/index.php?rest_route=\/wp\/v2\/posts\/37114\/revisions"}],"wp:featuredmedia":[{"embeddable":true,"href":"https:\/\/aconteceunovale.com.br\/portal\/index.php?rest_route=\/wp\/v2\/media\/37116"}],"wp:attachment":[{"href":"https:\/\/aconteceunovale.com.br\/portal\/index.php?rest_route=%2Fwp%2Fv2%2Fmedia&parent=37114"}],"wp:term":[{"taxonomy":"category","embeddable":true,"href":"https:\/\/aconteceunovale.com.br\/portal\/index.php?rest_route=%2Fwp%2Fv2%2Fcategories&post=37114"},{"taxonomy":"post_tag","embeddable":true,"href":"https:\/\/aconteceunovale.com.br\/portal\/index.php?rest_route=%2Fwp%2Fv2%2Ftags&post=37114"}],"curies":[{"name":"wp","href":"https:\/\/api.w.org\/{rel}","templated":true}]}}