{"id":37103,"date":"2014-08-12T12:48:34","date_gmt":"2014-08-12T15:48:34","guid":{"rendered":"http:\/\/aconteceunovale.com.br\/portal\/?p=37103"},"modified":"2014-08-12T12:51:09","modified_gmt":"2014-08-12T15:51:09","slug":"secretaria-de-saude-de-minas-lanca-edital-para-preencher-1746-com-salarios-de-ate-r-33-mil","status":"publish","type":"post","link":"https:\/\/aconteceunovale.com.br\/portal\/?p=37103","title":{"rendered":"Secretaria de Sa\u00fade de Minas lan\u00e7a edital para preencher 1746 vagas com sal\u00e1rios de at\u00e9 R$ 3,3 mil"},"content":{"rendered":"<h4><strong><em>Sal\u00e1rios variam de R$ 954,55 a R$ 3,3 mil. As inscri\u00e7\u00f5es come\u00e7am em 22 de setembro.<\/em><\/strong><\/h4>\n<p>A Secretaria de Estado de Sa\u00fade de Minas Gerais lan\u00e7ou nesta quarta-feira (22) o edital para concurso p\u00fablico com 1.746 vagas em cargos de n\u00edveis m\u00e9dio e superior. Os sal\u00e1rios iniciais variam de R$ 954,55 a R$ 3,3 mil. As inscri\u00e7\u00f5es come\u00e7am em 22 de setembro. As provas ser\u00e3o no dia 7 de dezembro.<\/p>\n<p>Os cargos da carreira de Auditor Assistencial Estadual do Sistema \u00danico de Sa\u00fade s\u00e3o para as gradua\u00e7\u00f5es de medicina, enfermagem, odontologia e outros na \u00e1rea de sa\u00fade, al\u00e9m de ci\u00eancias gerenciais e direito. A remunera\u00e7\u00e3o inicial \u00e9 de R$ 3,3 mil. <a href=\"http:\/\/ww4.funcab.org\/arquivos\/SESAUDMG2014\/MINUTA%20EDITAL%20SES-MG%20AUDITOR-%20VERS%C3%83O%20REVISADA%20FUNCAB%2021_07_2014%20%28FORMATA%C3%87%C3%83O%20IOF%29.pdf\" target=\"_blank\">Acesse o edital<\/a>.<\/p>\n<p>Os cargos para t\u00e9cnico de gest\u00e3o da sa\u00fade podem ser concorridos por candidatos com curso de ensino m\u00e9dio ou n\u00edvel m\u00e9dio\/t\u00e9cnico, conclu\u00eddo em institui\u00e7\u00e3o de ensino legalmente reconhecida pelos sistemas federal ou estadual de ensino. As \u00e1reas s\u00e3o administrativa, patologia cl\u00ednica, contabilidade e edifica\u00e7\u00f5es. A remunera\u00e7\u00e3o inicial \u00e9 de R$ 954,55.<\/p>\n<p>J\u00e1 os de especialista em pol\u00edticas e gest\u00e3o da sa\u00fade est\u00e3o divididos por \u00e1reas e s\u00e3o voltados para profissionais na \u00e1rea de farm\u00e1cia, arquitetura, engenharia, comunica\u00e7\u00e3o social, direito, gest\u00e3o (diversas forma\u00e7\u00f5es, como administra\u00e7\u00e3o, ci\u00eancias cont\u00e1beis, economia, tecnologia em redes de computadores, secretariado executivo e letras, medicina veterin\u00e1ria, farm\u00e1cia, enfermagem, odontologia, servi\u00e7o social, psicologia e bacharelado em ci\u00eancias biol\u00f3gicas. A remunera\u00e7\u00e3o inicial \u00e9 de R$2.292,10. <a href=\"http:\/\/ww4.funcab.org\/arquivos\/SESMG2014\/MINUTA%20EDITAL%20SES-MG%20EPGS%20TGS%20REVISADA%20FUNCAB%2021_07_2014%20%28FORMATA%C3%87%C3%83O%20IOF%29.pdf\" target=\"_blank\">Acesse o edital<\/a>.<\/p>\n<p>As inscri\u00e7\u00f5es come\u00e7am no dia 22 de setembro e v\u00e3o at\u00e9 26 de outubro. A taxa \u00e9 de R$ 42 (cargo de t\u00e9cnico) e de R$ 53 (cargo de especialista). (G1)<\/p>\n","protected":false},"excerpt":{"rendered":"<p>Sal\u00e1rios variam de R$ 954,55 a R$ 3,3 mil. As inscri\u00e7\u00f5es come\u00e7am em 22 de setembro. A Secretaria de Estado de Sa\u00fade de Minas Gerais lan\u00e7ou nesta quarta-feira (22) o edital para concurso p\u00fablico com 1.746 vagas em cargos de n\u00edveis m\u00e9dio e superior. Os sal\u00e1rios iniciais variam de R$ 954,55 a R$ 3,3 mil. [&hellip;]<\/p>\n","protected":false},"author":1,"featured_media":13951,"comment_status":"open","ping_status":"closed","sticky":false,"template":"","format":"standard","meta":{"amp_status":"","footnotes":""},"categories":[123],"tags":[700,13552,13553,13551],"class_list":["post-37103","post","type-post","status-publish","format-standard","has-post-thumbnail","hentry","category-gerais","tag-concurso-publico","tag-concurso-publico-da-secretaria-de-saude-de-minas-gerais","tag-secretaria-de-saude-de-minas-gerais","tag-secretaria-de-saude-de-minas-gerais-lanca-edital-para-preencher-1746-com-salarios-de-ate-r-3-3-mil"],"_links":{"self":[{"href":"https:\/\/aconteceunovale.com.br\/portal\/index.php?rest_route=\/wp\/v2\/posts\/37103","targetHints":{"allow":["GET"]}}],"collection":[{"href":"https:\/\/aconteceunovale.com.br\/portal\/index.php?rest_route=\/wp\/v2\/posts"}],"about":[{"href":"https:\/\/aconteceunovale.com.br\/portal\/index.php?rest_route=\/wp\/v2\/types\/post"}],"author":[{"embeddable":true,"href":"https:\/\/aconteceunovale.com.br\/portal\/index.php?rest_route=\/wp\/v2\/users\/1"}],"replies":[{"embeddable":true,"href":"https:\/\/aconteceunovale.com.br\/portal\/index.php?rest_route=%2Fwp%2Fv2%2Fcomments&post=37103"}],"version-history":[{"count":0,"href":"https:\/\/aconteceunovale.com.br\/portal\/index.php?rest_route=\/wp\/v2\/posts\/37103\/revisions"}],"wp:featuredmedia":[{"embeddable":true,"href":"https:\/\/aconteceunovale.com.br\/portal\/index.php?rest_route=\/wp\/v2\/media\/13951"}],"wp:attachment":[{"href":"https:\/\/aconteceunovale.com.br\/portal\/index.php?rest_route=%2Fwp%2Fv2%2Fmedia&parent=37103"}],"wp:term":[{"taxonomy":"category","embeddable":true,"href":"https:\/\/aconteceunovale.com.br\/portal\/index.php?rest_route=%2Fwp%2Fv2%2Fcategories&post=37103"},{"taxonomy":"post_tag","embeddable":true,"href":"https:\/\/aconteceunovale.com.br\/portal\/index.php?rest_route=%2Fwp%2Fv2%2Ftags&post=37103"}],"curies":[{"name":"wp","href":"https:\/\/api.w.org\/{rel}","templated":true}]}}