{"id":37093,"date":"2014-08-12T12:20:16","date_gmt":"2014-08-12T15:20:16","guid":{"rendered":"http:\/\/aconteceunovale.com.br\/portal\/?p=37093"},"modified":"2014-08-12T17:38:38","modified_gmt":"2014-08-12T20:38:38","slug":"jovem-desaparece-misteriosamente-em-capelinha","status":"publish","type":"post","link":"https:\/\/aconteceunovale.com.br\/portal\/?p=37093","title":{"rendered":"Jovem que estava desaparecido foi localizado pela fam\u00edlia em Diamantina"},"content":{"rendered":"<p>O jovem Rodrigo Alves dos Santos, de 21 anos, que estava desaparecido desde o dia 6 de agosto foi localizado pela fam\u00edlia nesta ter\u00e7a-feira (12) em Diamantina\/MG. <\/p>\n<p>Os pais do rapaz procuraram a imprensa na manh\u00e3 de hoje para anunciar o desaparecimento. Segundo eles, o jovem teria sa\u00eddo de casa na quarta-feira passada e n\u00e3o retornou. Ainda segundo eles, o celular estava fora de \u00e1rea ou desligado.<\/p>\n<p>O desaparecimento do jovem foi divulgado em r\u00e1dios locais e v\u00e1rios sites e blogs de not\u00edcias, rapidamente a not\u00edcia foi compartilhada centenas de vezes e pouco tempo depois a fam\u00edlia entrou em contato novamente com a imprensa para anunciar que Rodrigo foi localizado.<\/p>\n<p>A fam\u00edlia n\u00e3o informou detalhes sobre o que o jovem estaria fazendo em Diamantina. S\u00f3 informaram que o jovem estava bem e agradeceram pelo apoio de todos que se empenharam na divulga\u00e7\u00e3o.<\/p>\n<p><img decoding=\"async\" src=\"http:\/\/aconteceunovale.com.br\/portal\/wp-content\/uploads\/2014\/08\/rodrigo_cap_desaparecido.jpg\" alt=\"\" \/><strong><em>(Foto: Arquivo da fam\u00edlia \/ Informa\u00e7\u00f5es: Portal Capelinha)<\/em><\/strong><\/p>\n","protected":false},"excerpt":{"rendered":"<p>O jovem Rodrigo Alves dos Santos, de 21 anos, que estava desaparecido desde o dia 6 de agosto foi localizado pela fam\u00edlia nesta ter\u00e7a-feira (12) em Diamantina\/MG. Os pais do rapaz procuraram a imprensa na manh\u00e3 de hoje para anunciar o desaparecimento. Segundo eles, o jovem teria sa\u00eddo de casa na quarta-feira passada e n\u00e3o [&hellip;]<\/p>\n","protected":false},"author":1,"featured_media":37094,"comment_status":"open","ping_status":"closed","sticky":false,"template":"","format":"standard","meta":{"amp_status":"","footnotes":""},"categories":[120],"tags":[132,198,13547,13560,13548],"class_list":["post-37093","post","type-post","status-publish","format-standard","has-post-thumbnail","hentry","category-jequi","tag-capelinha","tag-diamantina","tag-jovem-desaparece-misteriosamente-em-capelinha","tag-jovem-que-estava-desaparecido-foi-localizado-pela-familia-em-diamantina","tag-rodrigo-alves-dos-santos"],"_links":{"self":[{"href":"https:\/\/aconteceunovale.com.br\/portal\/index.php?rest_route=\/wp\/v2\/posts\/37093","targetHints":{"allow":["GET"]}}],"collection":[{"href":"https:\/\/aconteceunovale.com.br\/portal\/index.php?rest_route=\/wp\/v2\/posts"}],"about":[{"href":"https:\/\/aconteceunovale.com.br\/portal\/index.php?rest_route=\/wp\/v2\/types\/post"}],"author":[{"embeddable":true,"href":"https:\/\/aconteceunovale.com.br\/portal\/index.php?rest_route=\/wp\/v2\/users\/1"}],"replies":[{"embeddable":true,"href":"https:\/\/aconteceunovale.com.br\/portal\/index.php?rest_route=%2Fwp%2Fv2%2Fcomments&post=37093"}],"version-history":[{"count":0,"href":"https:\/\/aconteceunovale.com.br\/portal\/index.php?rest_route=\/wp\/v2\/posts\/37093\/revisions"}],"wp:featuredmedia":[{"embeddable":true,"href":"https:\/\/aconteceunovale.com.br\/portal\/index.php?rest_route=\/wp\/v2\/media\/37094"}],"wp:attachment":[{"href":"https:\/\/aconteceunovale.com.br\/portal\/index.php?rest_route=%2Fwp%2Fv2%2Fmedia&parent=37093"}],"wp:term":[{"taxonomy":"category","embeddable":true,"href":"https:\/\/aconteceunovale.com.br\/portal\/index.php?rest_route=%2Fwp%2Fv2%2Fcategories&post=37093"},{"taxonomy":"post_tag","embeddable":true,"href":"https:\/\/aconteceunovale.com.br\/portal\/index.php?rest_route=%2Fwp%2Fv2%2Ftags&post=37093"}],"curies":[{"name":"wp","href":"https:\/\/api.w.org\/{rel}","templated":true}]}}