{"id":37078,"date":"2014-08-12T09:27:17","date_gmt":"2014-08-12T12:27:17","guid":{"rendered":"http:\/\/aconteceunovale.com.br\/portal\/?p=37078"},"modified":"2014-08-12T09:27:17","modified_gmt":"2014-08-12T12:27:17","slug":"policial-que-matou-estudante-em-coronel-fabriciano-e-indiciado-por-homicidio-duplamente-qualificado","status":"publish","type":"post","link":"https:\/\/aconteceunovale.com.br\/portal\/?p=37078","title":{"rendered":"Policial que matou estudante em Coronel Fabriciano \u00e9 indiciado por homic\u00eddio duplamente qualificado"},"content":{"rendered":"<p>J\u00e1 est\u00e1 no F\u00f3rum Orlando Milanez, em Coronel Fabriciano, o inqu\u00e9rito referente ao homic\u00eddio de Frederico Alan de Souza Paiva, de 26 anos, estudante do 3\u00b0 per\u00edodo de Engenharia El\u00e9trica do Centro Universit\u00e1rio de Minas Gerais (Unileste). Ele foi morto no dia 5 de julho, ap\u00f3s ser atingido por um disparo de arma de fogo, efetuado pelo soldado PM Deivid Marcelino dos Santos.<\/p>\n<p>O crime ocorreu por volta das 21 horas de uma sexta-feira, em uma estrada que d\u00e1 acesso a um s\u00edtio no bairro Alipinho. Conforme o relat\u00f3rio da Pol\u00edcia Militar era realizado uma blitz de tr\u00e2nsito no local e a equipe policial deu ordem de parada a Frederico. O jovem reduziu a velocidade, mas n\u00e3o parou a motocicleta que conduzia, e seguiu em dire\u00e7\u00e3o aos policiais, que tentaram segur\u00e1-lo pelo guid\u00e3o da moto. O soldado Deivid tamb\u00e9m interveio e o condutor acabou \u201cjogando\u201d seu ve\u00edculo em dire\u00e7\u00e3o aos militares.<\/p>\n<p>Um dos policiais foi jogado contra um caminh\u00e3o guincho, que estava estacionado em um dos cantos da via. Frederico conseguiu furar a blitz e o soldado efetuou dois disparos em dire\u00e7\u00e3o ao jovem. Um dos tiros atingiu Frederico, que caiu a cerca de 300 metros do local da blitz. O rapaz foi alvejado nas costas e morreu onde caiu.<\/p>\n<p><img decoding=\"async\" src=\"http:\/\/aconteceunovale.com.br\/portal\/wp-content\/uploads\/2014\/07\/frederico_paiva_morto_fabri.jpg\" alt=\"\" \/><em>(Jovem foi morto durante uma blitz da Pol\u00edcia Militar &#8211; Foto: Arquivo da fam\u00edlia)<\/em><br \/>\n<\/br><\/p>\n<h4><strong>Indiciado<\/strong><\/h4>\n<p>Contratado pela fam\u00edlia da v\u00edtima, o advogado Bruno Luiz de Souza Silva auxilia na acusa\u00e7\u00e3o. Ele informou que o inqu\u00e9rito foi conclu\u00eddo pelo delegado de Pol\u00edcia Civil, Jorge Caldeira, no dia 28 de julho. \u201cO delegado foi diligente na conclus\u00e3o do inqu\u00e9rito, tratou o caso de maneira correta. Agora cabe ao Estado, representado pela promotoria de Justi\u00e7a, oferecer ou n\u00e3o a den\u00fancia\u201d, afirmou.<\/p>\n<p>O advogado informou que o policial que fez o disparo foi indiciado no artigo 121 do C\u00f3digo Penal, incisos II e IV \u2013 consiste no crime de homic\u00eddio duplamente qualificado, por motivo f\u00fatil e meio que dificultou a defesa da v\u00edtima e vai responder por isso na Justi\u00e7a Comum. \u201c\u00c9 um crime contra a vida, na forma qualificada, praticada por um policial, que representa o Estado, e foi contra um civil. Como qualquer cidad\u00e3o que comete um crime, esse militar foi indiciado por um delegado de Pol\u00edcia Civil, e se a promotora reconhecer, ele ser\u00e1 denunciado e se o juiz tamb\u00e9m reconhecer, ser\u00e1 pronunciado e julgado no Tribunal do J\u00fari\u201d, explicou o advogado.<\/p>\n<h4><strong>Erros<\/strong><\/h4>\n<p>Bruno Luiz acrescentou que testemunhas ouvidas pelo delegado de PC prestaram depoimentos semelhantes. Conforme consta no inqu\u00e9rito, Frederico n\u00e3o teria tentado contra a vida do militar, jogando a moto em sua dire\u00e7\u00e3o. \u201cN\u00e3o posso revelar o que elas falaram, mas ao menos no inqu\u00e9rito da PC, afirmaram que em momento algum o Frederico foi com a moto para cima do policial. Isso ser\u00e1 analisado em momento pr\u00f3prio. Mas fica a indaga\u00e7\u00e3o: quem sai de casa e tenta matar um policial com uma moto? Analisando tecnicamente, houve uma falha na maneira em que a blitz foi montada, e tamb\u00e9m por parte da v\u00edtima, que n\u00e3o obedeceu a ordem de parada\u201d, afirmou.<\/p>\n<h4><strong>Crimes<\/strong><\/h4>\n<p>O advogado informou que al\u00e9m do soldado Deivid, outros tr\u00eas militares, todos oficiais na linha de comando, foram indiciados. Dentre os crimes previstos no C\u00f3digo Penal est\u00e3o os artigos 299 \u2013 omitir, em documento p\u00fablico ou particular, declara\u00e7\u00e3o que dele devia constar, ou nele inserir ou fazer inserir declara\u00e7\u00e3o falsa ou diversa da que devia ser escrita, com o fim de prejudicar direito, criar obriga\u00e7\u00e3o ou alterar a verdade sobre fato juridicamente relevante; o artigo 328 &#8211; usurpar o exerc\u00edcio de fun\u00e7\u00e3o p\u00fablica; artigo 330 &#8211; desobedecer \u00e0 ordem legal de funcion\u00e1rio p\u00fablico; e o artigo 348 &#8211; auxiliar a subtrair-se \u00e0 a\u00e7\u00e3o de autoridade p\u00fablica autor de crime a que \u00e9 cominada pena de reclus\u00e3o.<\/p>\n<h4><strong>Desobedi\u00eancia<\/strong><\/h4>\n<p>Frederico, apesar de v\u00edtima, tamb\u00e9m foi indiciado por dois crimes previstos no C\u00f3digo Penal. O advogado explicou que o rapaz agiu com desobedi\u00eancia, e por essa raz\u00e3o foi apontado no inqu\u00e9rito. \u201cEle foi indiciado nos artigos 329 \u2013 quando o indiv\u00edduo se op\u00f5e a execu\u00e7\u00e3o de um ato legal, mediante viol\u00eancia ou amea\u00e7a a funcion\u00e1rio competente para execut\u00e1-lo ou a quem lhe esteja prestando aux\u00edlio \u2013 e 330 \u2013 quando o cidad\u00e3o desobedece \u00e0 ordem legal de funcion\u00e1rio p\u00fablico. Por\u00e9m, n\u00e3o ser\u00e1 punido, uma vez que ele veio a \u00f3bito\u201d, explicou.<\/p>\n<h4><strong>Caderno 3<\/strong><\/h4>\n<p>Para Bruno Luiz, os militares que estavam na blitz n\u00e3o agiram de acordo com o que \u00e9 previsto no caderno 3 da Pol\u00edcia Militar. \u201c\u00c9 um caderno de orienta\u00e7\u00f5es da pr\u00f3pria PM e eu o li. Consultando-o, constatei que n\u00e3o h\u00e1 nada que aponte que o disparo de arma de fogo \u00e9 permitido. Manda remeter ao caderno 1, onde h\u00e1 as instru\u00e7\u00f5es do emprego da arma de fogo. A orienta\u00e7\u00e3o que existe nos cadernos da PM sobre blitz \u00e9 que quando a pessoa fura o bloqueio a obriga\u00e7\u00e3o da PM \u00e9 que policiais saiam em persegui\u00e7\u00e3o, sem alarde. Paralelamente, eles devem fazer contato com outras viaturas, repassando as informa\u00e7\u00f5es sobre o condutor, para que a abordagem seja feita o mais r\u00e1pido poss\u00edvel. Atirar em \u00faltimo caso. Por\u00e9m, foi um conjunto de fatores e escolhas erradas que resultaram em um homic\u00eddio\u201d, concluiu.<\/p>\n<p>O comando da Pol\u00edcia Militar, em Coronel Fabriciano, informou que far\u00e1 declara\u00e7\u00f5es sobre a acusa\u00e7\u00e3o somente ap\u00f3s as decis\u00f5es do Judici\u00e1rio.<\/p>\n<p><strong><em>(Fonte: <a href=\"http:\/\/www.diariopopularmg.com.br\/vis_noticia.aspx?id=8804\" target=\"_blank\">Di\u00e1rio Popular<\/a>)<\/em><\/strong><\/p>\n","protected":false},"excerpt":{"rendered":"<p>J\u00e1 est\u00e1 no F\u00f3rum Orlando Milanez, em Coronel Fabriciano, o inqu\u00e9rito referente ao homic\u00eddio de Frederico Alan de Souza Paiva, de 26 anos, estudante do 3\u00b0 per\u00edodo de Engenharia El\u00e9trica do Centro Universit\u00e1rio de Minas Gerais (Unileste). Ele foi morto no dia 5 de julho, ap\u00f3s ser atingido por um disparo de arma de fogo, [&hellip;]<\/p>\n","protected":false},"author":1,"featured_media":33912,"comment_status":"open","ping_status":"closed","sticky":false,"template":"","format":"standard","meta":{"amp_status":"","footnotes":""},"categories":[121],"tags":[1524,10396,10394,13534],"class_list":["post-37078","post","type-post","status-publish","format-standard","has-post-thumbnail","hentry","category-leste","tag-coronel-fabriciano","tag-deivid-marcelino-dos-santos","tag-frederico-alan-de-souza-paiva","tag-policial-que-matou-estudante-em-coronel-fabriciano-e-indiciado-por-homicidio-duplamente-qualificado"],"_links":{"self":[{"href":"https:\/\/aconteceunovale.com.br\/portal\/index.php?rest_route=\/wp\/v2\/posts\/37078","targetHints":{"allow":["GET"]}}],"collection":[{"href":"https:\/\/aconteceunovale.com.br\/portal\/index.php?rest_route=\/wp\/v2\/posts"}],"about":[{"href":"https:\/\/aconteceunovale.com.br\/portal\/index.php?rest_route=\/wp\/v2\/types\/post"}],"author":[{"embeddable":true,"href":"https:\/\/aconteceunovale.com.br\/portal\/index.php?rest_route=\/wp\/v2\/users\/1"}],"replies":[{"embeddable":true,"href":"https:\/\/aconteceunovale.com.br\/portal\/index.php?rest_route=%2Fwp%2Fv2%2Fcomments&post=37078"}],"version-history":[{"count":0,"href":"https:\/\/aconteceunovale.com.br\/portal\/index.php?rest_route=\/wp\/v2\/posts\/37078\/revisions"}],"wp:featuredmedia":[{"embeddable":true,"href":"https:\/\/aconteceunovale.com.br\/portal\/index.php?rest_route=\/wp\/v2\/media\/33912"}],"wp:attachment":[{"href":"https:\/\/aconteceunovale.com.br\/portal\/index.php?rest_route=%2Fwp%2Fv2%2Fmedia&parent=37078"}],"wp:term":[{"taxonomy":"category","embeddable":true,"href":"https:\/\/aconteceunovale.com.br\/portal\/index.php?rest_route=%2Fwp%2Fv2%2Fcategories&post=37078"},{"taxonomy":"post_tag","embeddable":true,"href":"https:\/\/aconteceunovale.com.br\/portal\/index.php?rest_route=%2Fwp%2Fv2%2Ftags&post=37078"}],"curies":[{"name":"wp","href":"https:\/\/api.w.org\/{rel}","templated":true}]}}