{"id":37069,"date":"2014-08-11T22:04:49","date_gmt":"2014-08-12T01:04:49","guid":{"rendered":"http:\/\/aconteceunovale.com.br\/portal\/?p=37069"},"modified":"2014-08-11T22:05:41","modified_gmt":"2014-08-12T01:05:41","slug":"funcionarios-da-copasa-entram-de-greve-em-todo-o-estado-de-minas-gerais","status":"publish","type":"post","link":"https:\/\/aconteceunovale.com.br\/portal\/?p=37069","title":{"rendered":"Funcion\u00e1rios da Copasa entram de greve em todo o Estado de Minas Gerais"},"content":{"rendered":"<h4><strong><em>Entre 60% e 70% do total de funcion\u00e1rios devem aderir \u00e0 manifesta\u00e7\u00e3o. Melhores condi\u00e7\u00f5es de trabalho e revis\u00e3o do plano de carreira est\u00e3o entre reivindica\u00e7\u00f5es<\/em><\/strong><\/h4>\n<p>Mais da metade dos cerca de 12 mil empregados da Companhia de Saneamento de Minas Gerais (Copasa) devem entrar de greve a partir da ter\u00e7a-feira (12). A decis\u00e3o foi tomada em assembleia dos funcion\u00e1rios no \u00faltimo dia 6 de agosto. De acordo com o diretor de comunica\u00e7\u00e3o do sindicato da categoria (Sind\u00e1gua), Rog\u00e9rio Matos, a greve \u00e9 uma resposta \u00e0 posi\u00e7\u00e3o inflex\u00edvel da Copasa para negociar com os empregados.<\/p>\n<p>Rog\u00e9rio explica que o sindicato elaborou uma lista com 48 reivindica\u00e7\u00f5es, mas que a dire\u00e7\u00e3o da empresa optou por n\u00e3o discuti-las com os empregados e prop\u00f4s o reajuste do sal\u00e1rio com base na infla\u00e7\u00e3o do ano passado e o aumento do vale-alimenta\u00e7\u00e3o. \u201cA principal quest\u00e3o \u00e9 o ganho real no sal\u00e1rio dos trabalhadores. A empresa vem lucrando ano ap\u00f3s ano e n\u00f3s entendemos que fazemos parte dessa lucratividade e merecemos uma contrapartida\u201d, resume o diretor.<\/p>\n<p>Quest\u00f5es como revis\u00e3o do plano de carreira, melhor distribui\u00e7\u00e3o dos recursos investidos pela empresa no estado e amplia\u00e7\u00e3o das a\u00e7\u00f5es internas de sa\u00fade e seguran\u00e7a no trabalho tamb\u00e9m est\u00e3o na pauta dos manifestantes. \u201cEstamos enfrentando problemas que n\u00e3o aconteciam, como acidentes graves e at\u00e9 mortes no trabalho. S\u00e3o temas que s\u00e3o bons, inclusive, para a empresa, mas o di\u00e1logo n\u00e3o est\u00e1 aberto\u201d, afirma Rog\u00e9rio. De acordo com o sindicato, a previs\u00e3o \u00e9 fazer uma assembleia no final da ter\u00e7a-feira para reavaliar os rumos da greve em fun\u00e7\u00e3o da posi\u00e7\u00e3o da empresa.<\/p>\n<h4><strong><em>Esclarecimentos da Copasa<\/em><\/strong><\/h4>\n<p>Em nota de sua assessoria de imprensa, a Copasa esclareceu que apresentou proposta de reajuste dos sal\u00e1rios e dos benef\u00edcios com base no INPC, al\u00e9m do reajuste no t\u00edquete de alimenta\u00e7\u00e3o de seus funcion\u00e1rios, mas ainda o sindicato optou pela greve. \u00c0 popula\u00e7\u00e3o usu\u00e1ria dos servi\u00e7os de saneamento, a Copasa destaca o acordo feito com o sindicato, por interm\u00e9dio do Minist\u00e9rio P\u00fablico do  Trabalho, de que a manuten\u00e7\u00e3o das demandas essenciais e emergenciais ser\u00e3o mantidas mesmo durante a manifesta\u00e7\u00e3o. <\/p>\n<p><strong><em>(O Tempo)<\/em><\/strong><\/p>\n","protected":false},"excerpt":{"rendered":"<p>Entre 60% e 70% do total de funcion\u00e1rios devem aderir \u00e0 manifesta\u00e7\u00e3o. Melhores condi\u00e7\u00f5es de trabalho e revis\u00e3o do plano de carreira est\u00e3o entre reivindica\u00e7\u00f5es Mais da metade dos cerca de 12 mil empregados da Companhia de Saneamento de Minas Gerais (Copasa) devem entrar de greve a partir da ter\u00e7a-feira (12). A decis\u00e3o foi tomada [&hellip;]<\/p>\n","protected":false},"author":1,"featured_media":37070,"comment_status":"open","ping_status":"closed","sticky":false,"template":"","format":"standard","meta":{"amp_status":"","footnotes":""},"categories":[123],"tags":[179,1018,13524,13525,13526],"class_list":["post-37069","post","type-post","status-publish","format-standard","has-post-thumbnail","hentry","category-gerais","tag-copasa","tag-destaque","tag-funcionarios-da-copasa-entram-de-greve-em-todo-o-estado-de-minas-gerais","tag-greve-dos-funcionarios-da-copasa","tag-greve-na-copasa"],"_links":{"self":[{"href":"https:\/\/aconteceunovale.com.br\/portal\/index.php?rest_route=\/wp\/v2\/posts\/37069","targetHints":{"allow":["GET"]}}],"collection":[{"href":"https:\/\/aconteceunovale.com.br\/portal\/index.php?rest_route=\/wp\/v2\/posts"}],"about":[{"href":"https:\/\/aconteceunovale.com.br\/portal\/index.php?rest_route=\/wp\/v2\/types\/post"}],"author":[{"embeddable":true,"href":"https:\/\/aconteceunovale.com.br\/portal\/index.php?rest_route=\/wp\/v2\/users\/1"}],"replies":[{"embeddable":true,"href":"https:\/\/aconteceunovale.com.br\/portal\/index.php?rest_route=%2Fwp%2Fv2%2Fcomments&post=37069"}],"version-history":[{"count":0,"href":"https:\/\/aconteceunovale.com.br\/portal\/index.php?rest_route=\/wp\/v2\/posts\/37069\/revisions"}],"wp:featuredmedia":[{"embeddable":true,"href":"https:\/\/aconteceunovale.com.br\/portal\/index.php?rest_route=\/wp\/v2\/media\/37070"}],"wp:attachment":[{"href":"https:\/\/aconteceunovale.com.br\/portal\/index.php?rest_route=%2Fwp%2Fv2%2Fmedia&parent=37069"}],"wp:term":[{"taxonomy":"category","embeddable":true,"href":"https:\/\/aconteceunovale.com.br\/portal\/index.php?rest_route=%2Fwp%2Fv2%2Fcategories&post=37069"},{"taxonomy":"post_tag","embeddable":true,"href":"https:\/\/aconteceunovale.com.br\/portal\/index.php?rest_route=%2Fwp%2Fv2%2Ftags&post=37069"}],"curies":[{"name":"wp","href":"https:\/\/api.w.org\/{rel}","templated":true}]}}