{"id":37064,"date":"2014-08-11T21:54:29","date_gmt":"2014-08-12T00:54:29","guid":{"rendered":"http:\/\/aconteceunovale.com.br\/portal\/?p=37064"},"modified":"2014-08-11T21:56:49","modified_gmt":"2014-08-12T00:56:49","slug":"populares-protestam-contra-taxa-de-lixo-em-montes-claros","status":"publish","type":"post","link":"https:\/\/aconteceunovale.com.br\/portal\/?p=37064","title":{"rendered":"Populares protestam contra taxa de lixo em Montes Claros"},"content":{"rendered":"<h4><strong><em>Protesto foi realizado nesta segunda-feira (11) na regi\u00e3o central da cidade. Pre\u00e7o da taxa \u00e9 absurda, relata manifestante.<\/em><\/strong><\/h4>\n<p>Um manifesto contra a taxa de lixo foi realizado, nesta segunda-feira (11), na Pra\u00e7a de Doutor Carlos, regi\u00e3o central de Montes Claros. Participaram do protesto o Sindicato dos Trabalhadores da Educa\u00e7\u00e3o (SindUTE), Sindicato dos Eletricit\u00e1rios de Minas Gerais (Sindieletro), a Uni\u00e3o da Juventude Rebeli\u00e3o e o Levante Popular. O protesto teve pequena ades\u00e3o popular e reuniu cerca de 50 pessoas.<\/p>\n<p>Para uma das manifestantes e integrante do Movimento dos Trabalhadores Desempregados (MTD), Iasmin Ch\u00e9quer, a taxa de lixo cobrada pela Prefeitura de Montes Claros, \u00e9 abusiva.<\/p>\n<p>&#8220;Pelo que n\u00f3s sabemos, a taxa de lixo \u00e9 inconstitucional, porque ela foi desmembrada do Imposto sobre a Propriedade Predial e Territorial Urbana (IPTU). Os pre\u00e7os s\u00e3o absurdos&#8221;, afirma a manifestante.<\/p>\n<p><img decoding=\"async\" src=\"http:\/\/aconteceunovale.com.br\/portal\/wp-content\/uploads\/2014\/08\/protesto_contra_taxa_de_lixo_moc.jpg\" alt=\"\" \/><em>Protesto foi realizando na tarde desta segunda-feira (Foto: Alexandre Fonseca\/G1)<\/em><br \/>\n<\/br><\/p>\n<p><strong><\/p>\n<h4>Taxa de lixo<\/h4>\n<p><\/strong><\/p>\n<p>A lei que regulamenta a taxa de cobrada pelos servi\u00e7os de limpeza urbana foi aprovada pela C\u00e2mara Municipal, no dia 27 de dezembro de 2013, no per\u00edodo de recesso do setor. Na ocasi\u00e3o, dos 23 vereadores, 19 estiveram presentes, sendo que 14 deles votaram a favor da taxa.<\/p>\n<p>De acordo com o promotor Felipe Caires, o aumento da taxa teve como base um decreto municipal de 2010. \u201cNa ocasi\u00e3o pudemos interferir porque havia um descumprimento de uma ordem judicial que declarava inconstitucional aquele aumento de tributo por meio de decreto\u201d, diz.<\/p>\n<p>Em uma coletiva de imprensa, no dia 1\u00ba de agosto, o prefeito Ruy Muniz disse que a taxa de res\u00edduos s\u00f3lidos cobrada em Montes Claros \u00e9 legal. &#8220;Vamos passar a ter 20 caminh\u00f5es e mais dois de reserva, al\u00e9m de 1000 ca\u00e7ambas nos bairros para coletar o lixo, distribuir tamb\u00e9m lixeiras pela cidade, e implantar a coleta seletiva e ainda a vinda de uma usina de reciclagem de materiais da constru\u00e7\u00e3o civil\u201d, declarou.<\/p>\n<p>Uma dona de casa, que preferiu n\u00e3o se identificar, ficou assustada com o valor cobrado na taxa para o bairro Morada do Sol, cerca de R$ 400. Para ela, a taxa \u00e9 justa, entretanto o valor cobrado \u00e9 alto. &#8220;Acho que a comunidade tem que contribuir para a cidade ficar limpa e organizada, entretanto o valor cobrado \u00e9 alto para a realidade de Montes Claros&#8221;, afirma. <strong><em>(Inter TV Grande Minas)<\/em><\/strong><\/p>\n","protected":false},"excerpt":{"rendered":"<p>Protesto foi realizado nesta segunda-feira (11) na regi\u00e3o central da cidade. Pre\u00e7o da taxa \u00e9 absurda, relata manifestante. Um manifesto contra a taxa de lixo foi realizado, nesta segunda-feira (11), na Pra\u00e7a de Doutor Carlos, regi\u00e3o central de Montes Claros. Participaram do protesto o Sindicato dos Trabalhadores da Educa\u00e7\u00e3o (SindUTE), Sindicato dos Eletricit\u00e1rios de Minas [&hellip;]<\/p>\n","protected":false},"author":1,"featured_media":37065,"comment_status":"open","ping_status":"closed","sticky":false,"template":"","format":"standard","meta":{"amp_status":"","footnotes":""},"categories":[1236],"tags":[210,13523],"class_list":["post-37064","post","type-post","status-publish","format-standard","has-post-thumbnail","hentry","category-norte_de_minas","tag-montes-claros","tag-populares-protestam-contra-taxa-de-lixo-em-montes-claros"],"_links":{"self":[{"href":"https:\/\/aconteceunovale.com.br\/portal\/index.php?rest_route=\/wp\/v2\/posts\/37064","targetHints":{"allow":["GET"]}}],"collection":[{"href":"https:\/\/aconteceunovale.com.br\/portal\/index.php?rest_route=\/wp\/v2\/posts"}],"about":[{"href":"https:\/\/aconteceunovale.com.br\/portal\/index.php?rest_route=\/wp\/v2\/types\/post"}],"author":[{"embeddable":true,"href":"https:\/\/aconteceunovale.com.br\/portal\/index.php?rest_route=\/wp\/v2\/users\/1"}],"replies":[{"embeddable":true,"href":"https:\/\/aconteceunovale.com.br\/portal\/index.php?rest_route=%2Fwp%2Fv2%2Fcomments&post=37064"}],"version-history":[{"count":0,"href":"https:\/\/aconteceunovale.com.br\/portal\/index.php?rest_route=\/wp\/v2\/posts\/37064\/revisions"}],"wp:featuredmedia":[{"embeddable":true,"href":"https:\/\/aconteceunovale.com.br\/portal\/index.php?rest_route=\/wp\/v2\/media\/37065"}],"wp:attachment":[{"href":"https:\/\/aconteceunovale.com.br\/portal\/index.php?rest_route=%2Fwp%2Fv2%2Fmedia&parent=37064"}],"wp:term":[{"taxonomy":"category","embeddable":true,"href":"https:\/\/aconteceunovale.com.br\/portal\/index.php?rest_route=%2Fwp%2Fv2%2Fcategories&post=37064"},{"taxonomy":"post_tag","embeddable":true,"href":"https:\/\/aconteceunovale.com.br\/portal\/index.php?rest_route=%2Fwp%2Fv2%2Ftags&post=37064"}],"curies":[{"name":"wp","href":"https:\/\/api.w.org\/{rel}","templated":true}]}}