{"id":37061,"date":"2014-08-11T21:31:42","date_gmt":"2014-08-12T00:31:42","guid":{"rendered":"http:\/\/aconteceunovale.com.br\/portal\/?p=37061"},"modified":"2014-08-11T21:31:42","modified_gmt":"2014-08-12T00:31:42","slug":"estudante-fica-gravemente-ferido-apos-ser-atropelado-por-onibus-escolar-em-timoteo","status":"publish","type":"post","link":"https:\/\/aconteceunovale.com.br\/portal\/?p=37061","title":{"rendered":"Estudante fica gravemente ferido ap\u00f3s ser atropelado por \u00f4nibus escolar em Tim\u00f3teo"},"content":{"rendered":"<h4><strong><em>Estudante de 11 anos desequilibrou e caiu embaixo do \u00f4nibus em Tim\u00f3teo. Menino foi socorrido pelos bombeiros e foi levado para hospital.<\/em><\/strong><\/h4>\n<p>Uma crian\u00e7a de onze anos ficou gravemente ferida em um acidente no final da tarde desta segunda-feira, 11 de agosto, em Tim\u00f3teo, no Vale do A\u00e7o. O acidente aconteceu em frente \u00e0 casa da v\u00edtima, na Rua Juta\u00ed, no Bairro Recanto Verde.<\/p>\n<p>De acordo com informa\u00e7\u00f5es da Pol\u00edcia Militar, a crian\u00e7a desceu do \u00f4nibus escolar e continuou conversando com outras crian\u00e7as que estavam no ve\u00edculo pela janela. Em seguida a v\u00edtima teria se desequilibrado e caiu debaixo do ve\u00edculo de transporte escolar.<\/p>\n<p><img decoding=\"async\" src=\"http:\/\/aconteceunovale.com.br\/portal\/wp-content\/uploads\/2014\/08\/caiu_debaixo_bus_timoteo.jpg\" alt=\"\" \/><em>Motorista alega que n\u00e3o viu crian\u00e7a cair debaixo do \u00f4nibus (Foto: Patr\u00edcia Belo \/ G1)<\/em><br \/>\n<\/br><\/p>\n<p>Ainda segundo a PM, o motorista saiu com o ve\u00edculo sem notar que a crian\u00e7a tinha ca\u00eddo embaixo do \u00f4nibus e acabou atropelando o estudante.<\/p>\n<p>Uma equipe de resgate do Corpo de Bombeiros levou a v\u00edtima com vida para o Hospital M\u00e1rcio Cunha. De acordo com sargento Geraldo Ferreira Sobrinho, a crian\u00e7a sofreu ferimentos graves na regi\u00e3o do abd\u00f4men.<\/p>\n<p>\u201cQuando chegamos ao local, a crian\u00e7a estava sendo retirada pelos bombeiros e foi encaminhada ao hospital M\u00e1rcio Cunha devido a gravidade dos ferimentos. Pelo que foi apurado at\u00e9 o momento foi uma fatalidade. O motorista do \u00f4nibus n\u00e3o viu que a crian\u00e7a caiu e acabou atropelando-a\u201d, afirma.<\/p>\n<p>A Per\u00edcia da Pol\u00edcia Civil n\u00e3o compareceu ao local. <strong><em>(Inter TV dos Vales)<\/em><\/strong><\/p>\n","protected":false},"excerpt":{"rendered":"<p>Estudante de 11 anos desequilibrou e caiu embaixo do \u00f4nibus em Tim\u00f3teo. Menino foi socorrido pelos bombeiros e foi levado para hospital. Uma crian\u00e7a de onze anos ficou gravemente ferida em um acidente no final da tarde desta segunda-feira, 11 de agosto, em Tim\u00f3teo, no Vale do A\u00e7o. O acidente aconteceu em frente \u00e0 casa [&hellip;]<\/p>\n","protected":false},"author":1,"featured_media":37062,"comment_status":"open","ping_status":"closed","sticky":false,"template":"","format":"standard","meta":{"amp_status":"","footnotes":""},"categories":[121],"tags":[13520,13522,1018,13521,13519,1105],"class_list":["post-37061","post","type-post","status-publish","format-standard","has-post-thumbnail","hentry","category-leste","tag-crianca-atropelada-em-timoteo","tag-crianca-atropelada-no-bairro-recanto-verde-em-timoteo","tag-destaque","tag-estudante-atropelada-em-timoteo","tag-estudante-fica-gravemente-ferido-apos-ser-atropelado-por-onibus-escolar-em-timoteo","tag-timoteo"],"_links":{"self":[{"href":"https:\/\/aconteceunovale.com.br\/portal\/index.php?rest_route=\/wp\/v2\/posts\/37061","targetHints":{"allow":["GET"]}}],"collection":[{"href":"https:\/\/aconteceunovale.com.br\/portal\/index.php?rest_route=\/wp\/v2\/posts"}],"about":[{"href":"https:\/\/aconteceunovale.com.br\/portal\/index.php?rest_route=\/wp\/v2\/types\/post"}],"author":[{"embeddable":true,"href":"https:\/\/aconteceunovale.com.br\/portal\/index.php?rest_route=\/wp\/v2\/users\/1"}],"replies":[{"embeddable":true,"href":"https:\/\/aconteceunovale.com.br\/portal\/index.php?rest_route=%2Fwp%2Fv2%2Fcomments&post=37061"}],"version-history":[{"count":0,"href":"https:\/\/aconteceunovale.com.br\/portal\/index.php?rest_route=\/wp\/v2\/posts\/37061\/revisions"}],"wp:featuredmedia":[{"embeddable":true,"href":"https:\/\/aconteceunovale.com.br\/portal\/index.php?rest_route=\/wp\/v2\/media\/37062"}],"wp:attachment":[{"href":"https:\/\/aconteceunovale.com.br\/portal\/index.php?rest_route=%2Fwp%2Fv2%2Fmedia&parent=37061"}],"wp:term":[{"taxonomy":"category","embeddable":true,"href":"https:\/\/aconteceunovale.com.br\/portal\/index.php?rest_route=%2Fwp%2Fv2%2Fcategories&post=37061"},{"taxonomy":"post_tag","embeddable":true,"href":"https:\/\/aconteceunovale.com.br\/portal\/index.php?rest_route=%2Fwp%2Fv2%2Ftags&post=37061"}],"curies":[{"name":"wp","href":"https:\/\/api.w.org\/{rel}","templated":true}]}}