{"id":37056,"date":"2014-08-11T20:52:25","date_gmt":"2014-08-11T23:52:25","guid":{"rendered":"http:\/\/aconteceunovale.com.br\/portal\/?p=37056"},"modified":"2014-08-11T20:53:32","modified_gmt":"2014-08-11T23:53:32","slug":"familia-procura-capelinhense-que-desapareceu-em-belo-horizonte","status":"publish","type":"post","link":"https:\/\/aconteceunovale.com.br\/portal\/?p=37056","title":{"rendered":"Fam\u00edlia procura capelinhense que desapareceu em Belo Horizonte"},"content":{"rendered":"<p>O capelinhense Lucas Azevedo Pinheiro, de 24 anos, conhecido como &#8220;Caverninha&#8221;, est\u00e1 desaparecido desde o dia 7 de agosto de 2014. Familiares do jovem relataram a Pol\u00edcia Civil que ele teria desaparecido na regi\u00e3o do Bairro Venda Nova, em Belo Horizonte.<\/p>\n<p>Toda informa\u00e7\u00e3o \u00e9 importante para a localiza\u00e7\u00e3o de pessoas desaparecidas. Caso voc\u00ea tenha alguma pista que possa levar at\u00e9 o jovem, ligue para o telefone <strong>0800 2828 197<\/strong>.<\/p>\n<p><img decoding=\"async\" src=\"http:\/\/aconteceunovale.com.br\/portal\/wp-content\/uploads\/2014\/08\/caverninha_1.jpg\" alt=\"\" \/><em>(Foto: Divulga\u00e7\u00e3o \/ Arquivo da fam\u00edlia)<\/em><br \/>\n<\/br><\/p>\n<p><img decoding=\"async\" src=\"http:\/\/aconteceunovale.com.br\/portal\/wp-content\/uploads\/2014\/08\/caverninha_2.jpg\" alt=\"\" \/><em>(Foto: Divulga\u00e7\u00e3o \/ Arquivo da fam\u00edlia)<\/em><\/p>\n","protected":false},"excerpt":{"rendered":"<p>O capelinhense Lucas Azevedo Pinheiro, de 24 anos, conhecido como &#8220;Caverninha&#8221;, est\u00e1 desaparecido desde o dia 7 de agosto de 2014. Familiares do jovem relataram a Pol\u00edcia Civil que ele teria desaparecido na regi\u00e3o do Bairro Venda Nova, em Belo Horizonte. Toda informa\u00e7\u00e3o \u00e9 importante para a localiza\u00e7\u00e3o de pessoas desaparecidas. Caso voc\u00ea tenha alguma [&hellip;]<\/p>\n","protected":false},"author":1,"featured_media":37057,"comment_status":"open","ping_status":"closed","sticky":false,"template":"","format":"standard","meta":{"amp_status":"","footnotes":""},"categories":[120],"tags":[194,132,13518,13516,13517],"class_list":["post-37056","post","type-post","status-publish","format-standard","has-post-thumbnail","hentry","category-jequi","tag-belo-horizonte","tag-capelinha","tag-caverninha","tag-familia-procura-capelinhense-que-desapareceu-em-belo-horizonte","tag-lucas-azevedo-pinheiro"],"_links":{"self":[{"href":"https:\/\/aconteceunovale.com.br\/portal\/index.php?rest_route=\/wp\/v2\/posts\/37056","targetHints":{"allow":["GET"]}}],"collection":[{"href":"https:\/\/aconteceunovale.com.br\/portal\/index.php?rest_route=\/wp\/v2\/posts"}],"about":[{"href":"https:\/\/aconteceunovale.com.br\/portal\/index.php?rest_route=\/wp\/v2\/types\/post"}],"author":[{"embeddable":true,"href":"https:\/\/aconteceunovale.com.br\/portal\/index.php?rest_route=\/wp\/v2\/users\/1"}],"replies":[{"embeddable":true,"href":"https:\/\/aconteceunovale.com.br\/portal\/index.php?rest_route=%2Fwp%2Fv2%2Fcomments&post=37056"}],"version-history":[{"count":0,"href":"https:\/\/aconteceunovale.com.br\/portal\/index.php?rest_route=\/wp\/v2\/posts\/37056\/revisions"}],"wp:featuredmedia":[{"embeddable":true,"href":"https:\/\/aconteceunovale.com.br\/portal\/index.php?rest_route=\/wp\/v2\/media\/37057"}],"wp:attachment":[{"href":"https:\/\/aconteceunovale.com.br\/portal\/index.php?rest_route=%2Fwp%2Fv2%2Fmedia&parent=37056"}],"wp:term":[{"taxonomy":"category","embeddable":true,"href":"https:\/\/aconteceunovale.com.br\/portal\/index.php?rest_route=%2Fwp%2Fv2%2Fcategories&post=37056"},{"taxonomy":"post_tag","embeddable":true,"href":"https:\/\/aconteceunovale.com.br\/portal\/index.php?rest_route=%2Fwp%2Fv2%2Ftags&post=37056"}],"curies":[{"name":"wp","href":"https:\/\/api.w.org\/{rel}","templated":true}]}}