{"id":36985,"date":"2014-08-11T11:11:16","date_gmt":"2014-08-11T14:11:16","guid":{"rendered":"http:\/\/aconteceunovale.com.br\/portal\/?p=36985"},"modified":"2026-09-02T17:04:04","modified_gmt":"2026-09-02T20:04:04","slug":"comandante-da-policia-militar-de-medina-comete-suicidio-na-bahia","status":"publish","type":"post","link":"https:\/\/aconteceunovale.com.br\/portal\/?p=36985","title":{"rendered":"Comandante da Pol\u00edcia Militar de Medina comete suic\u00eddio na Bahia"},"content":{"rendered":"<p>A cidade de Medina, no Vale do Jequitinhonha, recebeu uma not\u00edcia triste nesse domingo, 10 de agosto. Por motivos ainda n\u00e3o divulgados, o Comandante do Pelot\u00e3o da Pol\u00edcia Militar da cidade, Tenente Odair, cometeu o autoexterm\u00ednio durante uma viagem a lazer no estado da Bahia.<\/p>\n<p>As informa\u00e7\u00f5es sobre o ocorrido ainda n\u00e3o foram divulgadas oficialmente pela Pol\u00edcia Militar, mas de acordo com pessoas pr\u00f3ximas, o policial estaria participando de um retiro de casais em Morro de S\u00e3o Paulo e ap\u00f3s um desentendimento com a esposa teria efetuado um disparo de arma de fogo contra a pr\u00f3pria cabe\u00e7a.<\/p>\n<p>A morte do Tenente deixou a popula\u00e7\u00e3o de Medina em estado de choque, o militar era um importante aliado da cidade na seguran\u00e7a p\u00fablica.<\/p>\n<p><img decoding=\"async\" src=\"http:\/\/aconteceunovale.com.br\/portal\/wp-content\/uploads\/2014\/08\/tenente_odair_medina.jpg\" alt=\"\" \/><em>(Foto: Reprodu\u00e7\u00e3o \/ P\u00e1gina Medina Acabada)<\/em><\/p>\n","protected":false},"excerpt":{"rendered":"<p>A cidade de Medina, no Vale do Jequitinhonha, recebeu uma not\u00edcia triste nesse domingo, 10 de agosto. Por motivos ainda n\u00e3o divulgados, o Comandante do Pelot\u00e3o da Pol\u00edcia Militar da cidade, Tenente Odair, cometeu o autoexterm\u00ednio durante uma viagem a lazer no estado da Bahia. As informa\u00e7\u00f5es sobre o ocorrido ainda n\u00e3o foram divulgadas oficialmente [&hellip;]<\/p>\n","protected":false},"author":1,"featured_media":36986,"comment_status":"open","ping_status":"closed","sticky":false,"template":"","format":"standard","meta":{"amp_status":"","footnotes":""},"categories":[272560,120],"tags":[13447,13446,389,13450,13449,13448,13452,13451,13454,13453],"class_list":["post-36985","post","type-post","status-publish","format-standard","has-post-thumbnail","hentry","category-medina","category-jequi","tag-comandante-da-policia-militar-de-medina","tag-comandante-da-policia-militar-de-medina-comete-suicidio-na-bahia","tag-medina","tag-morro-de-sao-paulo","tag-morte-do-tenente-odair","tag-morte-do-tenente-odair-de-medina","tag-suicidio-do-comandante-da-policia-militar-de-medina","tag-suicidio-do-tenente-odair","tag-ten-odair","tag-tenente-odair"],"yoast_head":"<!-- This site is optimized with the Yoast SEO plugin v28.3 - https:\/\/yoast.com\/product\/yoast-seo-wordpress\/ -->\n<title>Comandante da Pol\u00edcia Militar de Medina comete suic\u00eddio na Bahia - Aconteceu no Vale<\/title>\n<meta name=\"robots\" content=\"index, follow, max-snippet:-1, max-image-preview:large, max-video-preview:-1\" \/>\n<link rel=\"canonical\" href=\"https:\/\/aconteceunovale.com.br\/portal\/?p=36985\" \/>\n<meta property=\"og:locale\" content=\"pt_BR\" \/>\n<meta property=\"og:type\" content=\"article\" \/>\n<meta property=\"og:title\" content=\"Comandante da Pol\u00edcia Militar de Medina comete suic\u00eddio na Bahia - Aconteceu no Vale\" \/>\n<meta property=\"og:description\" content=\"A cidade de Medina, no Vale do Jequitinhonha, recebeu uma not\u00edcia triste nesse domingo, 10 de agosto. Por motivos ainda n\u00e3o divulgados, o Comandante do Pelot\u00e3o da Pol\u00edcia Militar da cidade, Tenente Odair, cometeu o autoexterm\u00ednio durante uma viagem a lazer no estado da Bahia. As informa\u00e7\u00f5es sobre o ocorrido ainda n\u00e3o foram divulgadas oficialmente [&hellip;]\" \/>\n<meta property=\"og:url\" content=\"https:\/\/aconteceunovale.com.br\/portal\/?p=36985\" \/>\n<meta property=\"og:site_name\" content=\"Aconteceu no Vale\" \/>\n<meta property=\"article:publisher\" content=\"https:\/\/www.facebook.com\/aconteceunovale\/\" \/>\n<meta property=\"article:published_time\" content=\"2014-08-11T14:11:16+00:00\" \/>\n<meta property=\"article:modified_time\" content=\"2026-09-02T20:04:04+00:00\" \/>\n<meta property=\"og:image\" content=\"https:\/\/aconteceunovale.com.br\/portal\/wp-content\/uploads\/2014\/08\/tenente_odair_medina.jpg\" \/>\n\t<meta property=\"og:image:width\" content=\"501\" \/>\n\t<meta property=\"og:image:height\" content=\"450\" \/>\n\t<meta property=\"og:image:type\" content=\"image\/jpeg\" \/>\n<meta name=\"author\" content=\"Aconteceu no Vale\" \/>\n<meta name=\"twitter:card\" content=\"summary_large_image\" \/>\n<meta name=\"twitter:creator\" content=\"@noticiadosvales\" \/>\n<meta name=\"twitter:site\" content=\"@noticiadosvales\" \/>\n<meta name=\"twitter:label1\" content=\"Escrito por\" \/>\n\t<meta name=\"twitter:data1\" content=\"Aconteceu no Vale\" \/>\n\t<meta name=\"twitter:label2\" content=\"Est. tempo de leitura\" \/>\n\t<meta name=\"twitter:data2\" content=\"1 minuto\" \/>\n<script type=\"application\/ld+json\" class=\"yoast-schema-graph\">{\"@context\":\"https:\\\/\\\/schema.org\",\"@graph\":[{\"@type\":\"Article\",\"@id\":\"https:\\\/\\\/aconteceunovale.com.br\\\/portal\\\/?p=36985#article\",\"isPartOf\":{\"@id\":\"https:\\\/\\\/aconteceunovale.com.br\\\/portal\\\/?p=36985\"},\"author\":{\"name\":\"Aconteceu no Vale\",\"@id\":\"https:\\\/\\\/aconteceunovale.com.br\\\/portal\\\/#\\\/schema\\\/person\\\/633529146f2c94272bef50ac2953d589\"},\"headline\":\"Comandante da Pol\u00edcia Militar de Medina comete suic\u00eddio na Bahia\",\"datePublished\":\"2014-08-11T14:11:16+00:00\",\"dateModified\":\"2026-09-02T20:04:04+00:00\",\"mainEntityOfPage\":{\"@id\":\"https:\\\/\\\/aconteceunovale.com.br\\\/portal\\\/?p=36985\"},\"wordCount\":155,\"commentCount\":0,\"image\":{\"@id\":\"https:\\\/\\\/aconteceunovale.com.br\\\/portal\\\/?p=36985#primaryimage\"},\"thumbnailUrl\":\"https:\\\/\\\/aconteceunovale.com.br\\\/portal\\\/wp-content\\\/uploads\\\/2014\\\/08\\\/tenente_odair_medina.jpg\",\"keywords\":[\"Comandante da Pol\u00edcia Militar de Medina\",\"Comandante da Pol\u00edcia Militar de Medina comete suic\u00eddio na Bahia\",\"Medina\",\"morro de s\u00e3o paulo\",\"morte do tenente odair\",\"morte do tenente odair de medina\",\"suic\u00eddio do comandante da pol\u00edcia militar de medina\",\"suic\u00eddio do tenente odair\",\"ten odair\",\"tenente odair\"],\"articleSection\":[\"Medina\",\"Vale do Jequitinhonha\"],\"inLanguage\":\"pt-BR\",\"potentialAction\":[{\"@type\":\"CommentAction\",\"name\":\"Comment\",\"target\":[\"https:\\\/\\\/aconteceunovale.com.br\\\/portal\\\/?p=36985#respond\"]}]},{\"@type\":\"WebPage\",\"@id\":\"https:\\\/\\\/aconteceunovale.com.br\\\/portal\\\/?p=36985\",\"url\":\"https:\\\/\\\/aconteceunovale.com.br\\\/portal\\\/?p=36985\",\"name\":\"Comandante da Pol\u00edcia Militar de Medina comete suic\u00eddio na Bahia - Aconteceu no Vale\",\"isPartOf\":{\"@id\":\"https:\\\/\\\/aconteceunovale.com.br\\\/portal\\\/#website\"},\"primaryImageOfPage\":{\"@id\":\"https:\\\/\\\/aconteceunovale.com.br\\\/portal\\\/?p=36985#primaryimage\"},\"image\":{\"@id\":\"https:\\\/\\\/aconteceunovale.com.br\\\/portal\\\/?p=36985#primaryimage\"},\"thumbnailUrl\":\"https:\\\/\\\/aconteceunovale.com.br\\\/portal\\\/wp-content\\\/uploads\\\/2014\\\/08\\\/tenente_odair_medina.jpg\",\"datePublished\":\"2014-08-11T14:11:16+00:00\",\"dateModified\":\"2026-09-02T20:04:04+00:00\",\"author\":{\"@id\":\"https:\\\/\\\/aconteceunovale.com.br\\\/portal\\\/#\\\/schema\\\/person\\\/633529146f2c94272bef50ac2953d589\"},\"breadcrumb\":{\"@id\":\"https:\\\/\\\/aconteceunovale.com.br\\\/portal\\\/?p=36985#breadcrumb\"},\"inLanguage\":\"pt-BR\",\"potentialAction\":[{\"@type\":\"ReadAction\",\"target\":[\"https:\\\/\\\/aconteceunovale.com.br\\\/portal\\\/?p=36985\"]}]},{\"@type\":\"ImageObject\",\"inLanguage\":\"pt-BR\",\"@id\":\"https:\\\/\\\/aconteceunovale.com.br\\\/portal\\\/?p=36985#primaryimage\",\"url\":\"https:\\\/\\\/aconteceunovale.com.br\\\/portal\\\/wp-content\\\/uploads\\\/2014\\\/08\\\/tenente_odair_medina.jpg\",\"contentUrl\":\"https:\\\/\\\/aconteceunovale.com.br\\\/portal\\\/wp-content\\\/uploads\\\/2014\\\/08\\\/tenente_odair_medina.jpg\",\"width\":501,\"height\":450},{\"@type\":\"BreadcrumbList\",\"@id\":\"https:\\\/\\\/aconteceunovale.com.br\\\/portal\\\/?p=36985#breadcrumb\",\"itemListElement\":[{\"@type\":\"ListItem\",\"position\":1,\"name\":\"In\u00edcio\",\"item\":\"https:\\\/\\\/aconteceunovale.com.br\\\/portal\\\/\"},{\"@type\":\"ListItem\",\"position\":2,\"name\":\"Comandante da Pol\u00edcia Militar de Medina comete suic\u00eddio na Bahia\"}]},{\"@type\":\"WebSite\",\"@id\":\"https:\\\/\\\/aconteceunovale.com.br\\\/portal\\\/#website\",\"url\":\"https:\\\/\\\/aconteceunovale.com.br\\\/portal\\\/\",\"name\":\"Aconteceu no Vale\",\"description\":\"Portal de Not\u00edcias\",\"potentialAction\":[{\"@type\":\"SearchAction\",\"target\":{\"@type\":\"EntryPoint\",\"urlTemplate\":\"https:\\\/\\\/aconteceunovale.com.br\\\/portal\\\/?s={search_term_string}\"},\"query-input\":{\"@type\":\"PropertyValueSpecification\",\"valueRequired\":true,\"valueName\":\"search_term_string\"}}],\"inLanguage\":\"pt-BR\"},{\"@type\":\"Person\",\"@id\":\"https:\\\/\\\/aconteceunovale.com.br\\\/portal\\\/#\\\/schema\\\/person\\\/633529146f2c94272bef50ac2953d589\",\"name\":\"Aconteceu no Vale\",\"description\":\"Equipe de reportagem do Aconteceu no Vale, portal de not\u00edcias do Vale do Jequitinhonha, em Minas Gerais. Cobrimos as 51 cidades do Vale desde 2013. Sugest\u00f5es de pauta e pedidos de corre\u00e7\u00e3o: contato@aconteceunovale.com.br\",\"sameAs\":[\"http:\\\/\\\/www.aconteceunovale.com.br\"],\"url\":\"https:\\\/\\\/aconteceunovale.com.br\\\/portal\\\/?author=1\"}]}<\/script>\n<!-- \/ Yoast SEO plugin. -->","yoast_head_json":{"title":"Comandante da Pol\u00edcia Militar de Medina comete suic\u00eddio na Bahia - Aconteceu no Vale","robots":{"index":"index","follow":"follow","max-snippet":"max-snippet:-1","max-image-preview":"max-image-preview:large","max-video-preview":"max-video-preview:-1"},"canonical":"https:\/\/aconteceunovale.com.br\/portal\/?p=36985","og_locale":"pt_BR","og_type":"article","og_title":"Comandante da Pol\u00edcia Militar de Medina comete suic\u00eddio na Bahia - Aconteceu no Vale","og_description":"A cidade de Medina, no Vale do Jequitinhonha, recebeu uma not\u00edcia triste nesse domingo, 10 de agosto. Por motivos ainda n\u00e3o divulgados, o Comandante do Pelot\u00e3o da Pol\u00edcia Militar da cidade, Tenente Odair, cometeu o autoexterm\u00ednio durante uma viagem a lazer no estado da Bahia. As informa\u00e7\u00f5es sobre o ocorrido ainda n\u00e3o foram divulgadas oficialmente [&hellip;]","og_url":"https:\/\/aconteceunovale.com.br\/portal\/?p=36985","og_site_name":"Aconteceu no Vale","article_publisher":"https:\/\/www.facebook.com\/aconteceunovale\/","article_published_time":"2014-08-11T14:11:16+00:00","article_modified_time":"2026-09-02T20:04:04+00:00","og_image":[{"width":501,"height":450,"url":"https:\/\/aconteceunovale.com.br\/portal\/wp-content\/uploads\/2014\/08\/tenente_odair_medina.jpg","type":"image\/jpeg"}],"author":"Aconteceu no Vale","twitter_card":"summary_large_image","twitter_creator":"@noticiadosvales","twitter_site":"@noticiadosvales","twitter_misc":{"Escrito por":"Aconteceu no Vale","Est. tempo de leitura":"1 minuto"},"schema":{"@context":"https:\/\/schema.org","@graph":[{"@type":"Article","@id":"https:\/\/aconteceunovale.com.br\/portal\/?p=36985#article","isPartOf":{"@id":"https:\/\/aconteceunovale.com.br\/portal\/?p=36985"},"author":{"name":"Aconteceu no Vale","@id":"https:\/\/aconteceunovale.com.br\/portal\/#\/schema\/person\/633529146f2c94272bef50ac2953d589"},"headline":"Comandante da Pol\u00edcia Militar de Medina comete suic\u00eddio na Bahia","datePublished":"2014-08-11T14:11:16+00:00","dateModified":"2026-09-02T20:04:04+00:00","mainEntityOfPage":{"@id":"https:\/\/aconteceunovale.com.br\/portal\/?p=36985"},"wordCount":155,"commentCount":0,"image":{"@id":"https:\/\/aconteceunovale.com.br\/portal\/?p=36985#primaryimage"},"thumbnailUrl":"https:\/\/aconteceunovale.com.br\/portal\/wp-content\/uploads\/2014\/08\/tenente_odair_medina.jpg","keywords":["Comandante da Pol\u00edcia Militar de Medina","Comandante da Pol\u00edcia Militar de Medina comete suic\u00eddio na Bahia","Medina","morro de s\u00e3o paulo","morte do tenente odair","morte do tenente odair de medina","suic\u00eddio do comandante da pol\u00edcia militar de medina","suic\u00eddio do tenente odair","ten odair","tenente odair"],"articleSection":["Medina","Vale do Jequitinhonha"],"inLanguage":"pt-BR","potentialAction":[{"@type":"CommentAction","name":"Comment","target":["https:\/\/aconteceunovale.com.br\/portal\/?p=36985#respond"]}]},{"@type":"WebPage","@id":"https:\/\/aconteceunovale.com.br\/portal\/?p=36985","url":"https:\/\/aconteceunovale.com.br\/portal\/?p=36985","name":"Comandante da Pol\u00edcia Militar de Medina comete suic\u00eddio na Bahia - Aconteceu no Vale","isPartOf":{"@id":"https:\/\/aconteceunovale.com.br\/portal\/#website"},"primaryImageOfPage":{"@id":"https:\/\/aconteceunovale.com.br\/portal\/?p=36985#primaryimage"},"image":{"@id":"https:\/\/aconteceunovale.com.br\/portal\/?p=36985#primaryimage"},"thumbnailUrl":"https:\/\/aconteceunovale.com.br\/portal\/wp-content\/uploads\/2014\/08\/tenente_odair_medina.jpg","datePublished":"2014-08-11T14:11:16+00:00","dateModified":"2026-09-02T20:04:04+00:00","author":{"@id":"https:\/\/aconteceunovale.com.br\/portal\/#\/schema\/person\/633529146f2c94272bef50ac2953d589"},"breadcrumb":{"@id":"https:\/\/aconteceunovale.com.br\/portal\/?p=36985#breadcrumb"},"inLanguage":"pt-BR","potentialAction":[{"@type":"ReadAction","target":["https:\/\/aconteceunovale.com.br\/portal\/?p=36985"]}]},{"@type":"ImageObject","inLanguage":"pt-BR","@id":"https:\/\/aconteceunovale.com.br\/portal\/?p=36985#primaryimage","url":"https:\/\/aconteceunovale.com.br\/portal\/wp-content\/uploads\/2014\/08\/tenente_odair_medina.jpg","contentUrl":"https:\/\/aconteceunovale.com.br\/portal\/wp-content\/uploads\/2014\/08\/tenente_odair_medina.jpg","width":501,"height":450},{"@type":"BreadcrumbList","@id":"https:\/\/aconteceunovale.com.br\/portal\/?p=36985#breadcrumb","itemListElement":[{"@type":"ListItem","position":1,"name":"In\u00edcio","item":"https:\/\/aconteceunovale.com.br\/portal\/"},{"@type":"ListItem","position":2,"name":"Comandante da Pol\u00edcia Militar de Medina comete suic\u00eddio na Bahia"}]},{"@type":"WebSite","@id":"https:\/\/aconteceunovale.com.br\/portal\/#website","url":"https:\/\/aconteceunovale.com.br\/portal\/","name":"Aconteceu no Vale","description":"Portal de Not\u00edcias","potentialAction":[{"@type":"SearchAction","target":{"@type":"EntryPoint","urlTemplate":"https:\/\/aconteceunovale.com.br\/portal\/?s={search_term_string}"},"query-input":{"@type":"PropertyValueSpecification","valueRequired":true,"valueName":"search_term_string"}}],"inLanguage":"pt-BR"},{"@type":"Person","@id":"https:\/\/aconteceunovale.com.br\/portal\/#\/schema\/person\/633529146f2c94272bef50ac2953d589","name":"Aconteceu no Vale","description":"Equipe de reportagem do Aconteceu no Vale, portal de not\u00edcias do Vale do Jequitinhonha, em Minas Gerais. Cobrimos as 51 cidades do Vale desde 2013. Sugest\u00f5es de pauta e pedidos de corre\u00e7\u00e3o: contato@aconteceunovale.com.br","sameAs":["http:\/\/www.aconteceunovale.com.br"],"url":"https:\/\/aconteceunovale.com.br\/portal\/?author=1"}]}},"_links":{"self":[{"href":"https:\/\/aconteceunovale.com.br\/portal\/index.php?rest_route=\/wp\/v2\/posts\/36985","targetHints":{"allow":["GET"]}}],"collection":[{"href":"https:\/\/aconteceunovale.com.br\/portal\/index.php?rest_route=\/wp\/v2\/posts"}],"about":[{"href":"https:\/\/aconteceunovale.com.br\/portal\/index.php?rest_route=\/wp\/v2\/types\/post"}],"author":[{"embeddable":true,"href":"https:\/\/aconteceunovale.com.br\/portal\/index.php?rest_route=\/wp\/v2\/users\/1"}],"replies":[{"embeddable":true,"href":"https:\/\/aconteceunovale.com.br\/portal\/index.php?rest_route=%2Fwp%2Fv2%2Fcomments&post=36985"}],"version-history":[{"count":1,"href":"https:\/\/aconteceunovale.com.br\/portal\/index.php?rest_route=\/wp\/v2\/posts\/36985\/revisions"}],"predecessor-version":[{"id":202142,"href":"https:\/\/aconteceunovale.com.br\/portal\/index.php?rest_route=\/wp\/v2\/posts\/36985\/revisions\/202142"}],"wp:featuredmedia":[{"embeddable":true,"href":"https:\/\/aconteceunovale.com.br\/portal\/index.php?rest_route=\/wp\/v2\/media\/36986"}],"wp:attachment":[{"href":"https:\/\/aconteceunovale.com.br\/portal\/index.php?rest_route=%2Fwp%2Fv2%2Fmedia&parent=36985"}],"wp:term":[{"taxonomy":"category","embeddable":true,"href":"https:\/\/aconteceunovale.com.br\/portal\/index.php?rest_route=%2Fwp%2Fv2%2Fcategories&post=36985"},{"taxonomy":"post_tag","embeddable":true,"href":"https:\/\/aconteceunovale.com.br\/portal\/index.php?rest_route=%2Fwp%2Fv2%2Ftags&post=36985"}],"curies":[{"name":"wp","href":"https:\/\/api.w.org\/{rel}","templated":true}]}}