{"id":36894,"date":"2014-08-08T18:32:37","date_gmt":"2014-08-08T21:32:37","guid":{"rendered":"http:\/\/aconteceunovale.com.br\/portal\/?p=36894"},"modified":"2014-08-08T23:00:55","modified_gmt":"2014-08-09T02:00:55","slug":"carreta-fica-atravessada-na-br-251-apos-ser-atingida-por-caminhao-proximo-a-francisco-sa","status":"publish","type":"post","link":"https:\/\/aconteceunovale.com.br\/portal\/?p=36894","title":{"rendered":"Carreta fica atravessada na BR-251 ap\u00f3s ser atingida por caminh\u00e3o pr\u00f3ximo a Francisco S\u00e1"},"content":{"rendered":"<h4><strong><em>Ve\u00edculos seguiam sentido contr\u00e1rio. Motoristas dos dois ve\u00edculos sofreram ferimentos leves.<\/em><\/strong><\/h4>\n<p>O motorista de um caminh\u00e3o perdeu o controle da dire\u00e7\u00e3o e o veiculo tombou na BR-251, pr\u00f3ximo a Francisco S\u00e1, nesta sexta-feira (8). Com a queda, o caminh\u00e3o atingiu uma carreta que vinha no sentido contr\u00e1rio.<\/p>\n<p>Segundo a Pol\u00edcia Rodovi\u00e1ria Federal, o caminh\u00e3o que estava carregado descia a \u00faltima curva da serra de Francisco S\u00e1 no sentido Montes Claros. A carreta ficou atravessada no meio da pista, e o caminh\u00e3o ficou fora da rodovia.<\/p>\n<p>Ainda segundo a PRF, o condutor da carreta, Marcos Soares, de 37 anos, o condutor do caminh\u00e3o, Ariatenio Mendes Soares, de 50 anos, e a passageira, Elieide Mendes Soares, de 40 anos, tiveram apenas escoria\u00e7\u00f5es e foram encaminhadas para o hospital de Francisco S\u00e1. O tr\u00e2nsito no local funcionou de forma alternada, at\u00e9 que fosse retirada a carreta.<\/p>\n<p><img decoding=\"async\" src=\"http:\/\/aconteceunovale.com.br\/portal\/wp-content\/uploads\/2014\/08\/acidente_251_8_8.jpg\" alt=\"\" \/><em>Carreta ficou atravessada na pista da BR-251 (Foto: Pol\u00edcia Rodovi\u00e1ria Federal)<\/em><br \/>\n<\/br><\/p>\n<p><strong><em>(Inter TV Grande Minas)<\/em><\/strong><\/p>\n","protected":false},"excerpt":{"rendered":"<p>Ve\u00edculos seguiam sentido contr\u00e1rio. Motoristas dos dois ve\u00edculos sofreram ferimentos leves. O motorista de um caminh\u00e3o perdeu o controle da dire\u00e7\u00e3o e o veiculo tombou na BR-251, pr\u00f3ximo a Francisco S\u00e1, nesta sexta-feira (8). Com a queda, o caminh\u00e3o atingiu uma carreta que vinha no sentido contr\u00e1rio. Segundo a Pol\u00edcia Rodovi\u00e1ria Federal, o caminh\u00e3o que [&hellip;]<\/p>\n","protected":false},"author":1,"featured_media":36895,"comment_status":"open","ping_status":"closed","sticky":false,"template":"","format":"standard","meta":{"amp_status":"","footnotes":""},"categories":[1236],"tags":[13352,13348,13351,1395,13350],"class_list":["post-36894","post","type-post","status-publish","format-standard","has-post-thumbnail","hentry","category-norte_de_minas","tag-ariatenio-mendes-soares","tag-carreta-fica-atravessada-na-br-251-apos-ser-atingida-por-caminhao-proximo-a-francisco-sa","tag-elieide-mendes-soares","tag-francisco-sa","tag-marcos-soares"],"_links":{"self":[{"href":"https:\/\/aconteceunovale.com.br\/portal\/index.php?rest_route=\/wp\/v2\/posts\/36894","targetHints":{"allow":["GET"]}}],"collection":[{"href":"https:\/\/aconteceunovale.com.br\/portal\/index.php?rest_route=\/wp\/v2\/posts"}],"about":[{"href":"https:\/\/aconteceunovale.com.br\/portal\/index.php?rest_route=\/wp\/v2\/types\/post"}],"author":[{"embeddable":true,"href":"https:\/\/aconteceunovale.com.br\/portal\/index.php?rest_route=\/wp\/v2\/users\/1"}],"replies":[{"embeddable":true,"href":"https:\/\/aconteceunovale.com.br\/portal\/index.php?rest_route=%2Fwp%2Fv2%2Fcomments&post=36894"}],"version-history":[{"count":0,"href":"https:\/\/aconteceunovale.com.br\/portal\/index.php?rest_route=\/wp\/v2\/posts\/36894\/revisions"}],"wp:featuredmedia":[{"embeddable":true,"href":"https:\/\/aconteceunovale.com.br\/portal\/index.php?rest_route=\/wp\/v2\/media\/36895"}],"wp:attachment":[{"href":"https:\/\/aconteceunovale.com.br\/portal\/index.php?rest_route=%2Fwp%2Fv2%2Fmedia&parent=36894"}],"wp:term":[{"taxonomy":"category","embeddable":true,"href":"https:\/\/aconteceunovale.com.br\/portal\/index.php?rest_route=%2Fwp%2Fv2%2Fcategories&post=36894"},{"taxonomy":"post_tag","embeddable":true,"href":"https:\/\/aconteceunovale.com.br\/portal\/index.php?rest_route=%2Fwp%2Fv2%2Ftags&post=36894"}],"curies":[{"name":"wp","href":"https:\/\/api.w.org\/{rel}","templated":true}]}}