{"id":36872,"date":"2014-08-08T17:54:25","date_gmt":"2014-08-08T20:54:25","guid":{"rendered":"http:\/\/aconteceunovale.com.br\/portal\/?p=36872"},"modified":"2014-08-09T12:17:22","modified_gmt":"2014-08-09T15:17:22","slug":"homem-e-preso-por-estuprar-as-sobrinhas-em-francisco-sa-no-norte-de-minas","status":"publish","type":"post","link":"https:\/\/aconteceunovale.com.br\/portal\/?p=36872","title":{"rendered":"Homem \u00e9 preso por estuprar as sobrinhas em S\u00e3o Francisco, no Norte de Minas"},"content":{"rendered":"<p>Um homem de 28 anos foi preso na noite dessa quarta-feira (7) ap\u00f3s a Pol\u00edcia Civil concluir o inqu\u00e9rito que confirmou que ele abusava das sobrinhas de 12 e 15 anos h\u00e1 mais de um ano em S\u00e3o Francisco, no Norte de Minas. O homem morava com a m\u00e3e e as meninas e deve responder por estupro de vulner\u00e1vel, crime que pode gerar pena de 8 a 15 anos.<\/p>\n<p>Segundo o delegado Emmanuel Robson Gomes, da Delegacia de S\u00e3o Francisco, que est\u00e1 a frente do caso, o suspeito, que n\u00e3o teve a identidade divulgada, era investigado h\u00e1 pouco mais de um ano, quando come\u00e7aram a surgir as den\u00fancias vindas do Conselho Tutelar. Desde ent\u00e3o, as meninas apresentavam um comportamento diferente, o que chamou a aten\u00e7\u00e3o das conselheiras tutelares.<\/p>\n<p>\u201cAs meninas contaram com riqueza de detalhes os abusos cometidos pelo tio. Coisa que s\u00f3 quem vivencia essa situa\u00e7\u00e3o sabia dizer\u201d, disse o delegado. Atualmente, as meninas est\u00e3o em uma institui\u00e7\u00f5es pr\u00f3pria para abrigar crian\u00e7as, para preserv\u00e1-las. Ficou constatado no inqu\u00e9rito que a av\u00f3 das crian\u00e7as n\u00e3o sabia dos abusos cometidos pelo tio.<\/p>\n<p>Ainda de acordo com Gomes, havia penetra\u00e7\u00e3o nos estupros e o suspeito agia com viol\u00eancia. Ele negou tudo e disse que jamais estupraria as sobrinhas.<\/p>\n<h3>Falta de den\u00fancias<\/h3>\n<p>De acordo com o delegado Emmanuel Gomes, casos de abuso de menor na cidade s\u00e3o comuns. \u201cInfelizmente. Na \u00faltima semana, por exemplo, prendemos um homem de 51 anos porque ele estava abusando das duas filhas dele, de 15 e 18 anos, respectivamente. A mais velha era abusada h\u00e1 mais de 10 anos. A gente tem feito o melhor que podemos para punir esses autores, mas o que dificulta o nosso trabalho \u00e9 a falta de den\u00fancias. As v\u00edtimas acabam com medo de contar o  que aconteceu, porque na maioria dos casos, os abusos s\u00e3o praticados por familiares ou pessoas que moram na mesma casa que elas\u201d, disse. <\/p>\n<p><strong><em>(O Tempo)<\/em><\/strong><\/p>\n","protected":false},"excerpt":{"rendered":"<p>Um homem de 28 anos foi preso na noite dessa quarta-feira (7) ap\u00f3s a Pol\u00edcia Civil concluir o inqu\u00e9rito que confirmou que ele abusava das sobrinhas de 12 e 15 anos h\u00e1 mais de um ano em S\u00e3o Francisco, no Norte de Minas. O homem morava com a m\u00e3e e as meninas e deve responder [&hellip;]<\/p>\n","protected":false},"author":1,"featured_media":13667,"comment_status":"open","ping_status":"closed","sticky":false,"template":"","format":"standard","meta":{"amp_status":"","footnotes":""},"categories":[1236],"tags":[1395,13340,13372,1522],"class_list":["post-36872","post","type-post","status-publish","format-standard","has-post-thumbnail","hentry","category-norte_de_minas","tag-francisco-sa","tag-homem-e-preso-por-estuprar-as-sobrinhas-em-francisco-sa-no-norte-de-minas","tag-homem-e-preso-por-estuprar-as-sobrinhas-em-sao-francisco-no-norte-de-minas","tag-sao-francisco"],"_links":{"self":[{"href":"https:\/\/aconteceunovale.com.br\/portal\/index.php?rest_route=\/wp\/v2\/posts\/36872","targetHints":{"allow":["GET"]}}],"collection":[{"href":"https:\/\/aconteceunovale.com.br\/portal\/index.php?rest_route=\/wp\/v2\/posts"}],"about":[{"href":"https:\/\/aconteceunovale.com.br\/portal\/index.php?rest_route=\/wp\/v2\/types\/post"}],"author":[{"embeddable":true,"href":"https:\/\/aconteceunovale.com.br\/portal\/index.php?rest_route=\/wp\/v2\/users\/1"}],"replies":[{"embeddable":true,"href":"https:\/\/aconteceunovale.com.br\/portal\/index.php?rest_route=%2Fwp%2Fv2%2Fcomments&post=36872"}],"version-history":[{"count":0,"href":"https:\/\/aconteceunovale.com.br\/portal\/index.php?rest_route=\/wp\/v2\/posts\/36872\/revisions"}],"wp:featuredmedia":[{"embeddable":true,"href":"https:\/\/aconteceunovale.com.br\/portal\/index.php?rest_route=\/wp\/v2\/media\/13667"}],"wp:attachment":[{"href":"https:\/\/aconteceunovale.com.br\/portal\/index.php?rest_route=%2Fwp%2Fv2%2Fmedia&parent=36872"}],"wp:term":[{"taxonomy":"category","embeddable":true,"href":"https:\/\/aconteceunovale.com.br\/portal\/index.php?rest_route=%2Fwp%2Fv2%2Fcategories&post=36872"},{"taxonomy":"post_tag","embeddable":true,"href":"https:\/\/aconteceunovale.com.br\/portal\/index.php?rest_route=%2Fwp%2Fv2%2Ftags&post=36872"}],"curies":[{"name":"wp","href":"https:\/\/api.w.org\/{rel}","templated":true}]}}